{"id":8630,"date":"2016-11-29T11:00:10","date_gmt":"2016-11-29T10:00:10","guid":{"rendered":"https:\/\/news.embl.de\/?p=8630"},"modified":"2024-03-22T16:46:32","modified_gmt":"2024-03-22T15:46:32","slug":"1611-capturing-life-in-perspective","status":"publish","type":"post","link":"https:\/\/www.embl.org\/news\/lab-matters\/1611-capturing-life-in-perspective\/","title":{"rendered":"Capturing life in perspective"},"content":{"rendered":"\n<p>Shattering starfish nuclei. Cells collapsing like fabric. Protein puzzles with thousands of pieces. These moments of microscopy are commonplace in the lab, but for one team of scientists at EMBL they offer an artistic perspective on the biological sciences. &#8216;Life in Perspective,&#8217; a visualisation of 3D microscopy as lenticular images, was recently displayed at the Heidelberg city library. Going from microscope to capturing the perfect picture was not without experimentation. From collecting data to timing snapshots of chemical reactions, the scientists and co-creators of the art exhibition share some of their challenges, how they took them on and what &#8216;Life in Perspective&#8217; means for communicating science beyond the lab.<\/p>\n\n\n\n<h2 class=\"wp-block-heading\">The germ of an idea<\/h2>\n\n\n\n<p>&#8220;Initially this project began because Stefan [G\u00fcnther] and I just wanted to look at our research data in a different way,\u201d explains Gustavo de Medeiros, a postdoc in the Hufnagel group at EMBL in Heidelberg. But soon the ambition of the pair of scientists grew. \u201cWe realised it did not make sense to just keep this up in the lab \u2013 we wanted the public to see science communication as art. We envisioned a huge, interactive exhibition, where people could touch and see and discuss the art and science.\u201d<\/p>\n\n\n\n<p>At first, it was not easy. \u201cOrganising something like this was completely new for us, as well as for EMBL,&#8221; de Medeiros continues. &#8220;I think because we had so many ideas at once it was tough convincing people to support us at the beginning. But we kept going.\u201d<\/p>\n\n\n\n<p>A few key supporters helped to get the ball rolling. \u201cStefan and Gustavo approached me for advice and help getting to administrative contacts,\u201d says Manuela Beck, a graphic designer working at EMBL. Joran Deschamps, a PhD student at EMBL, also joined the team. Not only did he work with G\u00fcnther and de Medeiros on the science, but he also pushed the project to remain artistic in focus. With the support and guidance from EMBL Director Matthias Hentze, the team decided to focus on one technique \u2013 lenticular images \u2013 and showcased six images for the 2015 Annual Reception at EMBL. This exposure piqued more people\u2019s interest in the project and prompted numerous labs to contribute.<\/p>\n\n\n\n<p>\u201cWe put out an open call for data to create more prints,\u201d de Medeiros says. \u201cWe were surprised to find that some data is stored but remains unused. It just sits on a shelf!\u201d<\/p>\n\n\n\n<div class=\"vf-video\" style=\"padding-top: 0; padding-bottom: 56.25%;\">\n    <iframe loading=\"lazy\" width=\"640\" height=\"360\" src=\"https:\/\/www.youtube.com\/embed\/bUwl-ep1v-E\" frameborder=\"0\" allow=\"autoplay; encrypted-media\" allowfullscreen><\/iframe>\n<\/div>\n\n\n\n<p>Once the data was provided it had to be processed. \u201cFor me it was very beneficial to work together with scientists and to realise that there is not a big difference between art and science when doing creative work,\u201d says Beck. \u201cThis exhibition is a good opportunity for scientists and non-scientists to be fascinated by the beauty of a microscopic organism. Although in the beginning, you don\u2019t even need to know what it is \u2013 it could be anything! The part of it I find the most fascinating is that you\u2019re implicitly part of it. These pictures are like open doors to see what\u2019s inside your body, or what\u2019s at the bottom of the ocean that\u2019s invisible to our eyes.\u201d<br \/><\/p>\n\n\n\n<h2 class=\"wp-block-heading\">Bug data<\/h2>\n\n\n\n<p>The first challenge to making data look good visually was to make the final image look like something our brain would expect. \u201cTo represent a 3D volume from a stack of 2D slices was difficult to understand \u2013 how do you project volumes in such a way that the brain thinks they are in 3D?\u201d de Medeiros says. In traditional projections, all of the 2D slices would be collapsed onto one plane. To our brain, this looks weird, since we cannot perceive depth in this way. To overcome this obstacle, de Medeiros and his colleagues used a technique to make our brain think the image has perspective.<\/p>\n\n\n\n<p>And then there is the sheer amount of data to work with, as G\u00fcnther demonstrates. His image follows a fruit fly embryo in development, from the point of fertilisation up to gastrulation, or the stage when the single layer of cells that initially form the embryo fold inward. During this timeframe, one nucleus turns into hundreds, and they migrate to the surface of the embryo. The cells keep dividing until they reach about 6000 in number. G\u00fcnther was then faced with a formidable challenge: visualising this stage of development in a quality that could track down every one of these thousands of cells.<\/p>\n\n\n\n<figure class=\"vf-figure wp-block-image alignnone wp-image-8661 size-full\"><img loading=\"lazy\" decoding=\"async\" width=\"620\" height=\"265\" class=\"vf-figure__image\" src=\"https:\/\/news.embl.de\/wp-content\/uploads\/2016\/11\/fruitfly_embryo_ventral_poster1.jpg\" alt=\"\" class=\"wp-image-8661\" srcset=\"https:\/\/www.embl.org\/news\/wp-content\/uploads\/2016\/11\/fruitfly_embryo_ventral_poster1.jpg 620w, https:\/\/www.embl.org\/news\/wp-content\/uploads\/2016\/11\/fruitfly_embryo_ventral_poster1-300x128.jpg 300w\" sizes=\"auto, (max-width: 620px) 100vw, 620px\" \/><figcaption class=\"vf-figure__caption\">Gastrulation of a fruit fly embryo \u2013 the stage when the single layer of cells that initially form the embryo fold inward. PHOTO: Stefan G\u00fcnther\/Life in Perspective<\/figcaption><\/figure>\n\n\n\n<p>\u201cWith light sheet microscopy, the method that we used, we generated a <em>lot<\/em> of images,\u201d he says. \u201cA single time point consists of 200 images in order to record the depth. The entire video we recorded of the fly developing was over 24 hours long and consisted of 2 terabytes of data, which is four times the size of a normal computer hard drive! In the end, we only show about 30 minutes of the video.\u201d<\/p>\n\n\n\n<h2 class=\"wp-block-heading\">Reworking data<\/h2>\n\n\n\n<p>Jan Kosinski, of Martin Beck\u2019s group at EMBL Heidelberg, was part of a team that pieced together the structure of a nuclear pore. They first used electron tomography to get a rough idea of what the nuclear pore complex looked like. They then identified the structures of the component proteins, previously found using methods such as X-ray crystallography, to piece together the final structure.<\/p>\n\n\n\n<p>\u201cThis is how we solved the puzzle, so to speak \u2013 having a template and a thousand pieces, and fitting them together using software we designed,\u201d Kosinski explains. \u201cImaging the nuclear pore was a project more than five years in the making: When I joined the project, it still took one year to generate the first initial shape, and another year to fit the pieces in it. I\u2019m proudest of making the automated program that takes these pieces and puts them all in place. And of course, that we solved the biggest protein structure in the cell. It is mind-blowing!\u201d<\/p>\n\n\n\n<p>The yellow and red proteins on the outer ring of the pore form a repeating unit. With scientific publications, according to Kosinski, similar proteins such as these are shaded in similar colours.&nbsp;But for the exhibition, Kosinski coloured the proteins in the nuclear pore differently from how he did it for a report published in&nbsp;<em>Science<\/em>. \u201cIn both scientific publications and this art exhibition,\u201d he says, \u201ccolour choice is arbitrary. But for &#8216;Life in Perspective&#8217;, Stefan and Gustavo preferred to use colour to increase the perception of depth in the pore.\u201d The deeper you move into the channel, the more blue proteins you see; the farther out you go, the more red ones you see.<\/p>\n\n\n\n<h2 class=\"wp-block-heading\">Exploding opportunities<\/h2>\n\n\n\n<p>Unlike Kosinski, who used existing data for the project, postdoc Natalia Wesolowska in P\u00e9ter L\u00e9n\u00e1rt\u2019s lab had to collect new data so that she could generate an image with sufficient resolution for the large lenticular prints. Her image of a starfish oocyte, or egg cell, shows its nucleus about to burst open so the oocyte can pass on half of its chromosomes to its daughter cell as it becomes a mature egg. A protein called actin floods the nucleus and forms a shell that helps the nuclear membrane to shatter. But first, the oocytes need to receive a hormonal signal that says, \u201cIt\u2019s time to divide\u201d \u2013 something Wesolowska can signal to the oocytes in the lab. After that, it\u2019s time to quickly prepare the cells for imaging with confocal microscopy.<\/p>\n\n\n\n<p>\u201cIn order to prepare the cells for imaging, we have to capture them in that particular moment of time \u2013 when actin has gone into the nucleus \u2013 and then make them visible with antibody staining,\u201d she explains \u201cWhenever you use fixatives, you worry about destroying certain structures in the cell and actin is particularly sensitive in this regard. Part of the difficulty of this project was to find a way to fix the actin and make sure it looks the way it normally does in a cell. We had to tweak what chemicals we used, so it\u2019s just right.\u201d<\/p>\n\n\n\n<figure class=\"vf-figure wp-block-image alignnone wp-image-8659 size-full\"><img loading=\"lazy\" decoding=\"async\" width=\"620\" height=\"220\" class=\"vf-figure__image\" src=\"https:\/\/news.embl.de\/wp-content\/uploads\/2016\/11\/161125-life-perspective6.jpg\" alt=\"Image processing of Wesolowska\u2019s starfish nucleus image data. PHOTO: Stefan G\u00fcnther\" class=\"wp-image-8659\" srcset=\"https:\/\/www.embl.org\/news\/wp-content\/uploads\/2016\/11\/161125-life-perspective6.jpg 620w, https:\/\/www.embl.org\/news\/wp-content\/uploads\/2016\/11\/161125-life-perspective6-300x106.jpg 300w\" sizes=\"auto, (max-width: 620px) 100vw, 620px\" \/><figcaption class=\"vf-figure__caption\">Image processing of Wesolowska\u2019s starfish nucleus image data. PHOTO: Stefan G\u00fcnther<\/figcaption><\/figure>\n\n\n\n<figure class=\"vf-figure wp-block-image alignnone size-full wp-image-8676\"><img loading=\"lazy\" decoding=\"async\" width=\"620\" height=\"300\" class=\"vf-figure__image\" src=\"https:\/\/news.embl.de\/wp-content\/uploads\/2016\/11\/1611-life-perspective.jpg\" alt=\"Wesolowska's poster of a starfish nucleus(left) and Packing the poster, and getting ready for the exhibition(right). PHOTOs: Natalia Wesolowska\/Life in Perspective (left), Life in Perspective (right)\" class=\"wp-image-8676\" srcset=\"https:\/\/www.embl.org\/news\/wp-content\/uploads\/2016\/11\/1611-life-perspective.jpg 620w, https:\/\/www.embl.org\/news\/wp-content\/uploads\/2016\/11\/1611-life-perspective-300x145.jpg 300w\" sizes=\"auto, (max-width: 620px) 100vw, 620px\" \/><figcaption class=\"vf-figure__caption\">Wesolowska&#8217;s poster of a starfish nucleus(left); packing the poster and getting ready for the exhibition(right). PHOTOs: Natalia Wesolowska\/Life in Perspective (left), Life in Perspective (right)<\/figcaption><\/figure>\n\n\n\n<p>The time window in which to fix the oocytes is also quite small. \u201cAfter I introduce the hormone, which signals the cell to divide, it usually takes about 15 to 20 minutes before I see the nucleus start to look crumpled \u2013 like a deflated balloon. And I then know that the actin-flooding step has just happened. One of the difficulties of my project is that this step only lasts a minute and I only wanted to capture that moment.\u201d Once Wesolowska determined the precise timing for a fresh collection of oocytes, she was ready to spike a new batch with hormone, this time around for fixation.<\/p>\n","protected":false},"excerpt":{"rendered":"<p>How a team of scientists and artists at EMBL transformed microscopy data into stunning 3D images<\/p>\n","protected":false},"author":39,"featured_media":8632,"comment_status":"closed","ping_status":"closed","sticky":false,"template":"","format":"standard","meta":{"_acf_changed":false,"footnotes":""},"categories":[3,17591],"tags":[43,49,79,75,57],"embl_taxonomy":[],"class_list":["post-8630","post","type-post","status-publish","format-standard","has-post-thumbnail","hentry","category-lab-matters","category-science-technology","tag-heidelberg","tag-interdisciplinary","tag-microscopy","tag-phd","tag-postdoc"],"acf":{"article_intro":"<p>How a team of scientists and artists at EMBL transformed microscopy data into stunning 3D images<\/p>\n","related_links":[{"link_description":"\"Life in Perspective\" exhibition","link_url":"http:\/\/arts.embl.de\/"},{"link_description":"Revealing structure of nuclear pore\u2019s inner ring","link_url":"https:\/\/news.embl.de\/science\/1604-nuclear-pore\/"}],"article_sources":false,"vf_locked":false,"featured":false,"color":"#007B53"},"embl_taxonomy_terms":[],"yoast_head":"<!-- This site is optimized with the Yoast SEO plugin v26.2 - https:\/\/yoast.com\/wordpress\/plugins\/seo\/ -->\n<title>Life in perspective, an EMBL exhibition at the Heidelberg city library<\/title>\n<meta name=\"description\" content=\"How a team of scientists and artists at EMBL transformed microscopy data into stunning 3D images and made an exhibition at the Heidelberg city library\" \/>\n<meta name=\"robots\" content=\"index, follow, max-snippet:-1, max-image-preview:large, max-video-preview:-1\" \/>\n<link rel=\"canonical\" href=\"https:\/\/www.embl.org\/news\/lab-matters\/1611-capturing-life-in-perspective\/\" \/>\n<meta property=\"og:locale\" content=\"en_US\" \/>\n<meta property=\"og:type\" content=\"article\" \/>\n<meta property=\"og:title\" content=\"Life in perspective, an EMBL exhibition at the Heidelberg city library\" \/>\n<meta property=\"og:description\" content=\"How a team of scientists and artists at EMBL transformed microscopy data into stunning 3D images and made an exhibition at the Heidelberg city library\" \/>\n<meta property=\"og:url\" content=\"https:\/\/www.embl.org\/news\/lab-matters\/1611-capturing-life-in-perspective\/\" \/>\n<meta property=\"og:site_name\" content=\"EMBL\" \/>\n<meta property=\"article:publisher\" content=\"https:\/\/www.facebook.com\/embl.org\/\" \/>\n<meta property=\"article:published_time\" content=\"2016-11-29T10:00:10+00:00\" \/>\n<meta property=\"article:modified_time\" content=\"2024-03-22T15:46:32+00:00\" \/>\n<meta property=\"og:image\" content=\"https:\/\/www.embl.org\/news\/wp-content\/uploads\/2016\/11\/161125-life-perspective_ib.jpg\" \/>\n\t<meta property=\"og:image:width\" content=\"620\" \/>\n\t<meta property=\"og:image:height\" content=\"425\" \/>\n\t<meta property=\"og:image:type\" content=\"image\/jpeg\" \/>\n<meta name=\"author\" content=\"Margaux Phares\" \/>\n<meta name=\"twitter:card\" content=\"summary_large_image\" \/>\n<meta name=\"twitter:creator\" content=\"@mxphares\" \/>\n<meta name=\"twitter:site\" content=\"@embl\" \/>\n<meta name=\"twitter:label1\" content=\"Written by\" \/>\n\t<meta name=\"twitter:data1\" content=\"Margaux Phares\" \/>\n\t<meta name=\"twitter:label2\" content=\"Est. reading time\" \/>\n\t<meta name=\"twitter:data2\" content=\"8 minutes\" \/>\n<script type=\"application\/ld+json\" class=\"yoast-schema-graph\">{\"@context\":\"https:\/\/schema.org\",\"@graph\":[{\"@type\":\"NewsArticle\",\"@id\":\"https:\/\/www.embl.org\/news\/lab-matters\/1611-capturing-life-in-perspective\/#article\",\"isPartOf\":{\"@id\":\"https:\/\/www.embl.org\/news\/lab-matters\/1611-capturing-life-in-perspective\/\"},\"author\":{\"name\":\"Margaux Phares\",\"@id\":\"https:\/\/www.embl.org\/news\/#\/schema\/person\/d1fced3e1bf469536cf90385bd640f83\"},\"headline\":\"Capturing life in perspective\",\"datePublished\":\"2016-11-29T10:00:10+00:00\",\"dateModified\":\"2024-03-22T15:46:32+00:00\",\"mainEntityOfPage\":{\"@id\":\"https:\/\/www.embl.org\/news\/lab-matters\/1611-capturing-life-in-perspective\/\"},\"wordCount\":1506,\"publisher\":{\"@id\":\"https:\/\/www.embl.org\/news\/#organization\"},\"image\":{\"@id\":\"https:\/\/www.embl.org\/news\/lab-matters\/1611-capturing-life-in-perspective\/#primaryimage\"},\"thumbnailUrl\":\"https:\/\/www.embl.org\/news\/wp-content\/uploads\/2016\/11\/161125-life-perspective_ib.jpg\",\"keywords\":[\"heidelberg\",\"interdisciplinary\",\"microscopy\",\"phd\",\"postdoc\"],\"articleSection\":[\"Lab Matters\",\"Science &amp; Technology\"],\"inLanguage\":\"en-US\"},{\"@type\":\"WebPage\",\"@id\":\"https:\/\/www.embl.org\/news\/lab-matters\/1611-capturing-life-in-perspective\/\",\"url\":\"https:\/\/www.embl.org\/news\/lab-matters\/1611-capturing-life-in-perspective\/\",\"name\":\"Life in perspective, an EMBL exhibition at the Heidelberg city library\",\"isPartOf\":{\"@id\":\"https:\/\/www.embl.org\/news\/#website\"},\"primaryImageOfPage\":{\"@id\":\"https:\/\/www.embl.org\/news\/lab-matters\/1611-capturing-life-in-perspective\/#primaryimage\"},\"image\":{\"@id\":\"https:\/\/www.embl.org\/news\/lab-matters\/1611-capturing-life-in-perspective\/#primaryimage\"},\"thumbnailUrl\":\"https:\/\/www.embl.org\/news\/wp-content\/uploads\/2016\/11\/161125-life-perspective_ib.jpg\",\"datePublished\":\"2016-11-29T10:00:10+00:00\",\"dateModified\":\"2024-03-22T15:46:32+00:00\",\"description\":\"How a team of scientists and artists at EMBL transformed microscopy data into stunning 3D images and made an exhibition at the Heidelberg city library\",\"inLanguage\":\"en-US\",\"potentialAction\":[{\"@type\":\"ReadAction\",\"target\":[\"https:\/\/www.embl.org\/news\/lab-matters\/1611-capturing-life-in-perspective\/\"]}]},{\"@type\":\"ImageObject\",\"inLanguage\":\"en-US\",\"@id\":\"https:\/\/www.embl.org\/news\/lab-matters\/1611-capturing-life-in-perspective\/#primaryimage\",\"url\":\"https:\/\/www.embl.org\/news\/wp-content\/uploads\/2016\/11\/161125-life-perspective_ib.jpg\",\"contentUrl\":\"https:\/\/www.embl.org\/news\/wp-content\/uploads\/2016\/11\/161125-life-perspective_ib.jpg\",\"width\":620,\"height\":425,\"caption\":\"Opening day of the \\\"Life in Perspective\\\" exhibition at the Heidelberg city library. PHOTO: Urs Hoffman-Rohrer\"},{\"@type\":\"WebSite\",\"@id\":\"https:\/\/www.embl.org\/news\/#website\",\"url\":\"https:\/\/www.embl.org\/news\/\",\"name\":\"European Molecular Biology Laboratory News\",\"description\":\"News from the European Molecular Biology Laboratory\",\"publisher\":{\"@id\":\"https:\/\/www.embl.org\/news\/#organization\"},\"alternateName\":\"EMBL News\",\"potentialAction\":[{\"@type\":\"SearchAction\",\"target\":{\"@type\":\"EntryPoint\",\"urlTemplate\":\"https:\/\/www.embl.org\/news\/?s={search_term_string}\"},\"query-input\":{\"@type\":\"PropertyValueSpecification\",\"valueRequired\":true,\"valueName\":\"search_term_string\"}}],\"inLanguage\":\"en-US\"},{\"@type\":\"Organization\",\"@id\":\"https:\/\/www.embl.org\/news\/#organization\",\"name\":\"European Molecular Biology Laboratory\",\"alternateName\":\"EMBL\",\"url\":\"https:\/\/www.embl.org\/news\/\",\"logo\":{\"@type\":\"ImageObject\",\"inLanguage\":\"en-US\",\"@id\":\"https:\/\/www.embl.org\/news\/#\/schema\/logo\/image\/\",\"url\":\"https:\/\/www.embl.org\/news\/wp-content\/uploads\/2025\/09\/EMBL_logo_colour-1-300x144-1.png\",\"contentUrl\":\"https:\/\/www.embl.org\/news\/wp-content\/uploads\/2025\/09\/EMBL_logo_colour-1-300x144-1.png\",\"width\":300,\"height\":144,\"caption\":\"European Molecular Biology Laboratory\"},\"image\":{\"@id\":\"https:\/\/www.embl.org\/news\/#\/schema\/logo\/image\/\"},\"sameAs\":[\"https:\/\/www.facebook.com\/embl.org\/\",\"https:\/\/x.com\/embl\",\"https:\/\/www.instagram.com\/embl_org\/\",\"https:\/\/www.linkedin.com\/company\/15813\/\",\"https:\/\/www.youtube.com\/user\/emblmedia\/\"]},{\"@type\":\"Person\",\"@id\":\"https:\/\/www.embl.org\/news\/#\/schema\/person\/d1fced3e1bf469536cf90385bd640f83\",\"name\":\"Margaux Phares\",\"image\":{\"@type\":\"ImageObject\",\"inLanguage\":\"en-US\",\"@id\":\"https:\/\/www.embl.org\/news\/#\/schema\/person\/image\/\",\"url\":\"https:\/\/secure.gravatar.com\/avatar\/720a1f7f25b0acc4cf3ad82a58b175f50b73e548d6f20f609c5715245e7cb485?s=96&d=mm&r=g\",\"contentUrl\":\"https:\/\/secure.gravatar.com\/avatar\/720a1f7f25b0acc4cf3ad82a58b175f50b73e548d6f20f609c5715245e7cb485?s=96&d=mm&r=g\",\"caption\":\"Margaux Phares\"},\"description\":\"Margaux Phares is a science writing intern with EMBL and graduate student at MIT. Prior to science communications, she worked underground in biology laboratories and above ground in emergency medicine.\",\"sameAs\":[\"https:\/\/x.com\/mxphares\"],\"url\":\"https:\/\/www.embl.org\/news\/author\/margaux-phares\/\"}]}<\/script>\n<!-- \/ Yoast SEO plugin. -->","yoast_head_json":{"title":"Life in perspective, an EMBL exhibition at the Heidelberg city library","description":"How a team of scientists and artists at EMBL transformed microscopy data into stunning 3D images and made an exhibition at the Heidelberg city library","robots":{"index":"index","follow":"follow","max-snippet":"max-snippet:-1","max-image-preview":"max-image-preview:large","max-video-preview":"max-video-preview:-1"},"canonical":"https:\/\/www.embl.org\/news\/lab-matters\/1611-capturing-life-in-perspective\/","og_locale":"en_US","og_type":"article","og_title":"Life in perspective, an EMBL exhibition at the Heidelberg city library","og_description":"How a team of scientists and artists at EMBL transformed microscopy data into stunning 3D images and made an exhibition at the Heidelberg city library","og_url":"https:\/\/www.embl.org\/news\/lab-matters\/1611-capturing-life-in-perspective\/","og_site_name":"EMBL","article_publisher":"https:\/\/www.facebook.com\/embl.org\/","article_published_time":"2016-11-29T10:00:10+00:00","article_modified_time":"2024-03-22T15:46:32+00:00","og_image":[{"width":620,"height":425,"url":"https:\/\/www.embl.org\/news\/wp-content\/uploads\/2016\/11\/161125-life-perspective_ib.jpg","type":"image\/jpeg"}],"author":"Margaux Phares","twitter_card":"summary_large_image","twitter_creator":"@mxphares","twitter_site":"@embl","twitter_misc":{"Written by":"Margaux Phares","Est. reading time":"8 minutes"},"schema":{"@context":"https:\/\/schema.org","@graph":[{"@type":"NewsArticle","@id":"https:\/\/www.embl.org\/news\/lab-matters\/1611-capturing-life-in-perspective\/#article","isPartOf":{"@id":"https:\/\/www.embl.org\/news\/lab-matters\/1611-capturing-life-in-perspective\/"},"author":{"name":"Margaux Phares","@id":"https:\/\/www.embl.org\/news\/#\/schema\/person\/d1fced3e1bf469536cf90385bd640f83"},"headline":"Capturing life in perspective","datePublished":"2016-11-29T10:00:10+00:00","dateModified":"2024-03-22T15:46:32+00:00","mainEntityOfPage":{"@id":"https:\/\/www.embl.org\/news\/lab-matters\/1611-capturing-life-in-perspective\/"},"wordCount":1506,"publisher":{"@id":"https:\/\/www.embl.org\/news\/#organization"},"image":{"@id":"https:\/\/www.embl.org\/news\/lab-matters\/1611-capturing-life-in-perspective\/#primaryimage"},"thumbnailUrl":"https:\/\/www.embl.org\/news\/wp-content\/uploads\/2016\/11\/161125-life-perspective_ib.jpg","keywords":["heidelberg","interdisciplinary","microscopy","phd","postdoc"],"articleSection":["Lab Matters","Science &amp; Technology"],"inLanguage":"en-US"},{"@type":"WebPage","@id":"https:\/\/www.embl.org\/news\/lab-matters\/1611-capturing-life-in-perspective\/","url":"https:\/\/www.embl.org\/news\/lab-matters\/1611-capturing-life-in-perspective\/","name":"Life in perspective, an EMBL exhibition at the Heidelberg city library","isPartOf":{"@id":"https:\/\/www.embl.org\/news\/#website"},"primaryImageOfPage":{"@id":"https:\/\/www.embl.org\/news\/lab-matters\/1611-capturing-life-in-perspective\/#primaryimage"},"image":{"@id":"https:\/\/www.embl.org\/news\/lab-matters\/1611-capturing-life-in-perspective\/#primaryimage"},"thumbnailUrl":"https:\/\/www.embl.org\/news\/wp-content\/uploads\/2016\/11\/161125-life-perspective_ib.jpg","datePublished":"2016-11-29T10:00:10+00:00","dateModified":"2024-03-22T15:46:32+00:00","description":"How a team of scientists and artists at EMBL transformed microscopy data into stunning 3D images and made an exhibition at the Heidelberg city library","inLanguage":"en-US","potentialAction":[{"@type":"ReadAction","target":["https:\/\/www.embl.org\/news\/lab-matters\/1611-capturing-life-in-perspective\/"]}]},{"@type":"ImageObject","inLanguage":"en-US","@id":"https:\/\/www.embl.org\/news\/lab-matters\/1611-capturing-life-in-perspective\/#primaryimage","url":"https:\/\/www.embl.org\/news\/wp-content\/uploads\/2016\/11\/161125-life-perspective_ib.jpg","contentUrl":"https:\/\/www.embl.org\/news\/wp-content\/uploads\/2016\/11\/161125-life-perspective_ib.jpg","width":620,"height":425,"caption":"Opening day of the \"Life in Perspective\" exhibition at the Heidelberg city library. PHOTO: Urs Hoffman-Rohrer"},{"@type":"WebSite","@id":"https:\/\/www.embl.org\/news\/#website","url":"https:\/\/www.embl.org\/news\/","name":"European Molecular Biology Laboratory News","description":"News from the European Molecular Biology Laboratory","publisher":{"@id":"https:\/\/www.embl.org\/news\/#organization"},"alternateName":"EMBL News","potentialAction":[{"@type":"SearchAction","target":{"@type":"EntryPoint","urlTemplate":"https:\/\/www.embl.org\/news\/?s={search_term_string}"},"query-input":{"@type":"PropertyValueSpecification","valueRequired":true,"valueName":"search_term_string"}}],"inLanguage":"en-US"},{"@type":"Organization","@id":"https:\/\/www.embl.org\/news\/#organization","name":"European Molecular Biology Laboratory","alternateName":"EMBL","url":"https:\/\/www.embl.org\/news\/","logo":{"@type":"ImageObject","inLanguage":"en-US","@id":"https:\/\/www.embl.org\/news\/#\/schema\/logo\/image\/","url":"https:\/\/www.embl.org\/news\/wp-content\/uploads\/2025\/09\/EMBL_logo_colour-1-300x144-1.png","contentUrl":"https:\/\/www.embl.org\/news\/wp-content\/uploads\/2025\/09\/EMBL_logo_colour-1-300x144-1.png","width":300,"height":144,"caption":"European Molecular Biology Laboratory"},"image":{"@id":"https:\/\/www.embl.org\/news\/#\/schema\/logo\/image\/"},"sameAs":["https:\/\/www.facebook.com\/embl.org\/","https:\/\/x.com\/embl","https:\/\/www.instagram.com\/embl_org\/","https:\/\/www.linkedin.com\/company\/15813\/","https:\/\/www.youtube.com\/user\/emblmedia\/"]},{"@type":"Person","@id":"https:\/\/www.embl.org\/news\/#\/schema\/person\/d1fced3e1bf469536cf90385bd640f83","name":"Margaux Phares","image":{"@type":"ImageObject","inLanguage":"en-US","@id":"https:\/\/www.embl.org\/news\/#\/schema\/person\/image\/","url":"https:\/\/secure.gravatar.com\/avatar\/720a1f7f25b0acc4cf3ad82a58b175f50b73e548d6f20f609c5715245e7cb485?s=96&d=mm&r=g","contentUrl":"https:\/\/secure.gravatar.com\/avatar\/720a1f7f25b0acc4cf3ad82a58b175f50b73e548d6f20f609c5715245e7cb485?s=96&d=mm&r=g","caption":"Margaux Phares"},"description":"Margaux Phares is a science writing intern with EMBL and graduate student at MIT. Prior to science communications, she worked underground in biology laboratories and above ground in emergency medicine.","sameAs":["https:\/\/x.com\/mxphares"],"url":"https:\/\/www.embl.org\/news\/author\/margaux-phares\/"}]}},"field_target_display":"embl","field_article_language":{"value":"english","label":"English"},"fimg_url":"https:\/\/www.embl.org\/news\/wp-content\/uploads\/2016\/11\/161125-life-perspective_ib.jpg","featured_image_src":"https:\/\/www.embl.org\/news\/wp-content\/uploads\/2016\/11\/161125-life-perspective_ib.jpg","_links":{"self":[{"href":"https:\/\/www.embl.org\/news\/wp-json\/wp\/v2\/posts\/8630","targetHints":{"allow":["GET"]}}],"collection":[{"href":"https:\/\/www.embl.org\/news\/wp-json\/wp\/v2\/posts"}],"about":[{"href":"https:\/\/www.embl.org\/news\/wp-json\/wp\/v2\/types\/post"}],"author":[{"embeddable":true,"href":"https:\/\/www.embl.org\/news\/wp-json\/wp\/v2\/users\/39"}],"replies":[{"embeddable":true,"href":"https:\/\/www.embl.org\/news\/wp-json\/wp\/v2\/comments?post=8630"}],"version-history":[{"count":28,"href":"https:\/\/www.embl.org\/news\/wp-json\/wp\/v2\/posts\/8630\/revisions"}],"predecessor-version":[{"id":21103,"href":"https:\/\/www.embl.org\/news\/wp-json\/wp\/v2\/posts\/8630\/revisions\/21103"}],"wp:featuredmedia":[{"embeddable":true,"href":"https:\/\/www.embl.org\/news\/wp-json\/wp\/v2\/media\/8632"}],"wp:attachment":[{"href":"https:\/\/www.embl.org\/news\/wp-json\/wp\/v2\/media?parent=8630"}],"wp:term":[{"taxonomy":"category","embeddable":true,"href":"https:\/\/www.embl.org\/news\/wp-json\/wp\/v2\/categories?post=8630"},{"taxonomy":"post_tag","embeddable":true,"href":"https:\/\/www.embl.org\/news\/wp-json\/wp\/v2\/tags?post=8630"},{"taxonomy":"embl_taxonomy","embeddable":true,"href":"https:\/\/www.embl.org\/news\/wp-json\/wp\/v2\/embl_taxonomy?post=8630"}],"curies":[{"name":"wp","href":"https:\/\/api.w.org\/{rel}","templated":true}]}}