{"id":68891,"date":"2024-06-26T10:00:32","date_gmt":"2024-06-26T08:00:32","guid":{"rendered":"https:\/\/www.embl.org\/news\/?p=68891"},"modified":"2024-06-26T10:00:38","modified_gmt":"2024-06-26T08:00:38","slug":"inaugural-from-lab-to-launch-event-ignites-entrepreneurial-spirit-among-scientists","status":"publish","type":"post","link":"https:\/\/www.embl.org\/news\/connections\/inaugural-from-lab-to-launch-event-ignites-entrepreneurial-spirit-among-scientists\/","title":{"rendered":"Inaugural \u2018From Lab to Launch\u2019 event ignites entrepreneurial spirit among scientists"},"content":{"rendered":"\n<p><em>By Laur\u00e8ne Ramos Martins, Business Development Manager, EMBLEM<\/em><\/p>\n\n\n\n<p>\u200b\u200bIn a landmark gathering on 14 May 2024, EMBL,<a href=\"https:\/\/embl-em.de\/\"> EMBLEM<\/a>,<a href=\"https:\/\/www.desy.de\/\"> DESY<\/a> and<a href=\"https:\/\/www.hereon.de\/index.php.en\"> HEREON<\/a> converged at the<a href=\"https:\/\/slb-hamburg.translate.goog\/?_x_tr_sl=de&amp;_x_tr_tl=en&amp;_x_tr_hl=en&amp;_x_tr_pto=sc\"> Start-up Lab Bahrenfeld<\/a> venue for their inaugural event \u2018From Lab to Launch\u2019. This event provided a dynamic platform for scientists to explore the intersection of research and entrepreneurship, setting the stage for a fresh wave of innovation and discovery.<\/p>\n\n\n\n<figure class=\"vf-figure wp-block-image size-large\"><img loading=\"lazy\" decoding=\"async\" width=\"1024\" height=\"614\" class=\"vf-figure__image\" src=\"https:\/\/www.embl.org\/news\/wp-content\/uploads\/2024\/06\/2_Ju\u0308rgen-Bauer_1000x600-1024x614.jpg\" alt=\"A man addressing a room with participants while standing in front of a screen. \n\" class=\"wp-image-68893\" srcset=\"https:\/\/www.embl.org\/news\/wp-content\/uploads\/2024\/06\/2_Ju\u0308rgen-Bauer_1000x600-1024x614.jpg 1024w, https:\/\/www.embl.org\/news\/wp-content\/uploads\/2024\/06\/2_Ju\u0308rgen-Bauer_1000x600-300x180.jpg 300w, https:\/\/www.embl.org\/news\/wp-content\/uploads\/2024\/06\/2_Ju\u0308rgen-Bauer_1000x600-768x461.jpg 768w, https:\/\/www.embl.org\/news\/wp-content\/uploads\/2024\/06\/2_Ju\u0308rgen-Bauer_1000x600.jpg 2000w\" sizes=\"auto, (max-width: 1024px) 100vw, 1024px\" \/><figcaption class=\"vf-figure__caption\">Introductory remarks by J\u00fcrgen Bauer, Deputy Managing Director, EMBLEM. Credit: Laur\u00e8ne Ramos Martins\/EMBLEM<\/figcaption><\/figure>\n\n\n\n<p>The atmosphere was vibrant as attendees immersed themselves in a day filled with insightful discussions and networking opportunities. From a captivating keynote speech to engaging panel discussions, the event inspired participants, guiding them on their journey from lab research to entrepreneurial success.<\/p>\n\n\n\n<p>A highlight was the keynote address by Thomas Hanke, EVP and Head of Academic Partnerships at Evotec, who shared best practices in accelerating translation of academic research into commercially viable products. He presented the risks and opportunities inherent in this endeavour, emphasising the pivotal role of industry collaborations. &#8220;It&#8217;s not a question of if, but when you&#8217;ll need them,&#8221; he noted. Acknowledging the challenges of the process, he added, &#8220;You won&#8217;t get it right on the first try; it&#8217;s never a straight line.&#8221; Hanke proposed a solution-oriented approach, advocating a risk-taking mindset as the key to overcoming hurdles.<\/p>\n\n\n\n<figure class=\"vf-figure wp-block-image size-full\"><img loading=\"lazy\" decoding=\"async\" width=\"1000\" height=\"600\" class=\"vf-figure__image\" src=\"https:\/\/www.embl.org\/news\/wp-content\/uploads\/2024\/06\/3_Thomas-Hanke_1000x600.jpg\" alt=\"A man addressing a room with participants while standing in front of a screen.\" class=\"wp-image-68895\" srcset=\"https:\/\/www.embl.org\/news\/wp-content\/uploads\/2024\/06\/3_Thomas-Hanke_1000x600.jpg 1000w, https:\/\/www.embl.org\/news\/wp-content\/uploads\/2024\/06\/3_Thomas-Hanke_1000x600-300x180.jpg 300w, https:\/\/www.embl.org\/news\/wp-content\/uploads\/2024\/06\/3_Thomas-Hanke_1000x600-768x461.jpg 768w\" sizes=\"auto, (max-width: 1000px) 100vw, 1000px\" \/><figcaption class=\"vf-figure__caption\">Keynote speech being delivered by Thomas Hanke, Head of Academic Partnerships\/EVP of Evotec. Credit: Laur\u00e8ne Ramos Martins\/EMBLEM<\/figcaption><\/figure>\n\n\n\n<p>The keynotes set the stage for a compelling panel discussion, moderated by Dorothea Ringe, Head of DESY Start-up Office, which provided insights into entrepreneurship in the scientific realm. Expert panellists, including Katarzyna Polak-Krasna, founder of Sensimply, Dimitri Svergun, EMBL alumnus as well as co-founder and Managing Director of BioSAXS, J\u00fcrgen Bauer, Deputy Managing Director of EMBLEM, and Julian Van Hassel, Chairman of Baltic Business Angels Schleswig-Holstein e.V., shared their wealth of experience in the field.<\/p>\n\n\n\n<p>The panellists offered new perspectives on overcoming challenges and seizing opportunities in the entrepreneurial landscape. Svergun underscored the importance of institutional support, citing EMBLEM as a prime example: \u201cScientists must turn to their organisation, like with EMBLEM, to ignite their entrepreneurial path.\u201d Attendees actively engaged in discussion, posing numerous questions to the panellists and fostering a dynamic exchange of ideas. The experience also provided attendees with actionable takeaways for their own entrepreneurial journeys.&nbsp;<\/p>\n\n\n\n<figure class=\"vf-figure wp-block-image size-full\"><img loading=\"lazy\" decoding=\"async\" width=\"1000\" height=\"600\" class=\"vf-figure__image\" src=\"https:\/\/www.embl.org\/news\/wp-content\/uploads\/2024\/06\/5_Pannel-Discussion_1000x600.jpg\" alt=\"A group of participants in a lecture hall listen to four panellists and a moderator.\n\" class=\"wp-image-68897\" srcset=\"https:\/\/www.embl.org\/news\/wp-content\/uploads\/2024\/06\/5_Pannel-Discussion_1000x600.jpg 1000w, https:\/\/www.embl.org\/news\/wp-content\/uploads\/2024\/06\/5_Pannel-Discussion_1000x600-300x180.jpg 300w, https:\/\/www.embl.org\/news\/wp-content\/uploads\/2024\/06\/5_Pannel-Discussion_1000x600-768x461.jpg 768w\" sizes=\"auto, (max-width: 1000px) 100vw, 1000px\" \/><figcaption class=\"vf-figure__caption\">Panel discussion with Katarzyna Polak-Krasna, Founder of Sensimply, Dimitri Svergun, Co-Founder and Managing Director of BioSAXS, J\u00fcrgen Bauer, Deputy Managing Director EMBLEM, Julian von Hassell &#8211; Chairman of Baltic Business Angels Schleswig-Holstein e.V. and moderated by Dorothea Ringe, Head of DESY Start-up Office, Start-up Consulting. Credit: Laur\u00e8ne Ramos Martins\/EMBLEM<\/figcaption><\/figure>\n\n\n\n<p>\u2018From Lab to Launch\u2019 provided numerous networking opportunities, with the \u2018Speed Dating\u2019 session particularly standing out. This set of personalised meetings proved particularly impactful, as participants exchanged ideas and explored potential collaborations in a condensed yet dynamic setting. Reflecting on the experience, one attendee noted, &#8220;In just a few minutes, I learned more about potential industry collaborations than in months of emails.&#8221; Another shared how the session provided a welcoming atmosphere to practice elevator pitches, encouraging a sense of openness and camaraderie among participants.&nbsp;<\/p>\n\n\n\n<figure class=\"vf-figure wp-block-image size-large\"><img loading=\"lazy\" decoding=\"async\" width=\"1024\" height=\"614\" class=\"vf-figure__image\" src=\"https:\/\/www.embl.org\/news\/wp-content\/uploads\/2024\/06\/4_Speed-dating_1000x600-1024x614.jpg\" alt=\"Five pairs of participants in a room facing each other across small tables.\n\" class=\"wp-image-68899\" srcset=\"https:\/\/www.embl.org\/news\/wp-content\/uploads\/2024\/06\/4_Speed-dating_1000x600-1024x614.jpg 1024w, https:\/\/www.embl.org\/news\/wp-content\/uploads\/2024\/06\/4_Speed-dating_1000x600-300x180.jpg 300w, https:\/\/www.embl.org\/news\/wp-content\/uploads\/2024\/06\/4_Speed-dating_1000x600-768x461.jpg 768w\" sizes=\"auto, (max-width: 1024px) 100vw, 1024px\" \/><figcaption class=\"vf-figure__caption\">\u2018Speed dating\u2019 informal networking session during the event. Credit: Laur\u00e8ne Ramos Martins\/EMBLEM<\/figcaption><\/figure>\n\n\n\n<p>The participants praised the event for its impact and relevance, noting its effectiveness in addressing their most pressing concerns regarding entrepreneurship. Many expressed their appreciation to the keynote speaker, panellists, experts, and organisers for their dedication and commitment to supporting aspiring science-preneurs.<\/p>\n\n\n\n<p>Looking ahead, the organisers are excited to build on the success of the inaugural event and to continue fostering a dynamic ecosystem for science-driven entrepreneurship. With plans for future events and initiatives already in the making, the journey \u2018From Lab to Launch\u2019 is set to hopefully inspire and empower scientists for years to come.<\/p>\n","protected":false},"excerpt":{"rendered":"<p>This event bridged research and entrepreneurship, fuelling innovation and discovery. Attendees immersed themselves in insightful discussions and invaluable networking opportunities, inspired to journey from lab research to entrepreneurial success.<\/p>\n","protected":false},"author":16,"featured_media":68903,"comment_status":"closed","ping_status":"closed","sticky":false,"template":"","format":"standard","meta":{"_acf_changed":false,"footnotes":""},"categories":[17595],"tags":[303,238],"embl_taxonomy":[13697],"class_list":["post-68891","post","type-post","status-publish","format-standard","has-post-thumbnail","hentry","category-connections","tag-emblem","tag-technology-transfer","embl_taxonomy-technology-transfer"],"acf":{"vf_locked":false,"featured":true,"show_featured_image":false,"field_target_display":"embl","field_article_language":{"value":"english","label":"English"},"article_intro":"<p>The event, co-organised by EMBL, EMBLEM, DESY, and HEREON, bridged research and entrepreneurship, fuelling innovation and discovery<\/p>\n","related_links":[{"link_description":"EMBLEM Technology Transfer GMBH","link_url":"https:\/\/embl-em.de\/"}],"source_article":false,"in_this_article":false,"press_contact":"None","article_translations":false,"languages":""},"embl_taxonomy_terms":[{"uuid":"a:3:{i:0;s:36:\"302cfdf7-365b-462a-be65-82c7b783ebf7\";i:1;s:36:\"7b2a9600-c96d-48ee-8c47-13acdad7592d\";i:2;s:36:\"d5e286b4-5988-4b10-a9b5-732c5073b307\";}","parents":[],"name":["Technology Transfer "],"slug":"technology-transfer","description":"What &gt; Industry relations &gt; Technology Transfer"}],"yoast_head":"<!-- This site is optimized with the Yoast SEO plugin v26.2 - https:\/\/yoast.com\/wordpress\/plugins\/seo\/ -->\n<title>Inaugural \u2018From Lab to Launch\u2019 event ignites entrepreneurial spirit among scientists | EMBL<\/title>\n<meta name=\"description\" content=\"The event, co-organised by EMBL, EMBLEM, DESY, and HEREON, bridged research and entrepreneurship, fuelling innovation and discovery.\" \/>\n<meta name=\"robots\" content=\"index, follow, max-snippet:-1, max-image-preview:large, max-video-preview:-1\" \/>\n<link rel=\"canonical\" href=\"https:\/\/www.embl.org\/news\/connections\/inaugural-from-lab-to-launch-event-ignites-entrepreneurial-spirit-among-scientists\/\" \/>\n<meta property=\"og:locale\" content=\"en_US\" \/>\n<meta property=\"og:type\" content=\"article\" \/>\n<meta property=\"og:title\" content=\"Inaugural \u2018From Lab to Launch\u2019 event ignites entrepreneurial spirit among scientists | EMBL\" \/>\n<meta property=\"og:description\" content=\"The event, co-organised by EMBL, EMBLEM, DESY, and HEREON, bridged research and entrepreneurship, fuelling innovation and discovery.\" \/>\n<meta property=\"og:url\" content=\"https:\/\/www.embl.org\/news\/connections\/inaugural-from-lab-to-launch-event-ignites-entrepreneurial-spirit-among-scientists\/\" \/>\n<meta property=\"og:site_name\" content=\"EMBL\" \/>\n<meta property=\"article:publisher\" content=\"https:\/\/www.facebook.com\/embl.org\/\" \/>\n<meta property=\"article:published_time\" content=\"2024-06-26T08:00:32+00:00\" \/>\n<meta property=\"article:modified_time\" content=\"2024-06-26T08:00:38+00:00\" \/>\n<meta property=\"og:image\" content=\"https:\/\/www.embl.org\/news\/wp-content\/uploads\/2024\/06\/1_Organizing-commitee_1000x600-e1719387997829.jpg\" \/>\n\t<meta property=\"og:image:width\" content=\"1000\" \/>\n\t<meta property=\"og:image:height\" content=\"600\" \/>\n\t<meta property=\"og:image:type\" content=\"image\/jpeg\" \/>\n<meta name=\"author\" content=\"Guest author(s)\" \/>\n<meta name=\"twitter:card\" content=\"summary_large_image\" \/>\n<meta name=\"twitter:creator\" content=\"@embl\" \/>\n<meta name=\"twitter:site\" content=\"@embl\" \/>\n<meta name=\"twitter:label1\" content=\"Written by\" \/>\n\t<meta name=\"twitter:data1\" content=\"Guest author(s)\" \/>\n\t<meta name=\"twitter:label2\" content=\"Est. reading time\" \/>\n\t<meta name=\"twitter:data2\" content=\"4 minutes\" \/>\n<script type=\"application\/ld+json\" class=\"yoast-schema-graph\">{\"@context\":\"https:\/\/schema.org\",\"@graph\":[{\"@type\":\"NewsArticle\",\"@id\":\"https:\/\/www.embl.org\/news\/connections\/inaugural-from-lab-to-launch-event-ignites-entrepreneurial-spirit-among-scientists\/#article\",\"isPartOf\":{\"@id\":\"https:\/\/www.embl.org\/news\/connections\/inaugural-from-lab-to-launch-event-ignites-entrepreneurial-spirit-among-scientists\/\"},\"author\":{\"name\":\"Guest author(s)\",\"@id\":\"https:\/\/www.embl.org\/news\/#\/schema\/person\/b4d9366b2ebe691c4015c64c3619205b\"},\"headline\":\"Inaugural \u2018From Lab to Launch\u2019 event ignites entrepreneurial spirit among scientists\",\"datePublished\":\"2024-06-26T08:00:32+00:00\",\"dateModified\":\"2024-06-26T08:00:38+00:00\",\"mainEntityOfPage\":{\"@id\":\"https:\/\/www.embl.org\/news\/connections\/inaugural-from-lab-to-launch-event-ignites-entrepreneurial-spirit-among-scientists\/\"},\"wordCount\":652,\"publisher\":{\"@id\":\"https:\/\/www.embl.org\/news\/#organization\"},\"image\":{\"@id\":\"https:\/\/www.embl.org\/news\/connections\/inaugural-from-lab-to-launch-event-ignites-entrepreneurial-spirit-among-scientists\/#primaryimage\"},\"thumbnailUrl\":\"https:\/\/www.embl.org\/news\/wp-content\/uploads\/2024\/06\/1_Organizing-commitee_1000x600-e1719387997829.jpg\",\"keywords\":[\"emblem\",\"technology transfer\"],\"articleSection\":[\"Connections\"],\"inLanguage\":\"en-US\"},{\"@type\":\"WebPage\",\"@id\":\"https:\/\/www.embl.org\/news\/connections\/inaugural-from-lab-to-launch-event-ignites-entrepreneurial-spirit-among-scientists\/\",\"url\":\"https:\/\/www.embl.org\/news\/connections\/inaugural-from-lab-to-launch-event-ignites-entrepreneurial-spirit-among-scientists\/\",\"name\":\"Inaugural \u2018From Lab to Launch\u2019 event ignites entrepreneurial spirit among scientists | EMBL\",\"isPartOf\":{\"@id\":\"https:\/\/www.embl.org\/news\/#website\"},\"primaryImageOfPage\":{\"@id\":\"https:\/\/www.embl.org\/news\/connections\/inaugural-from-lab-to-launch-event-ignites-entrepreneurial-spirit-among-scientists\/#primaryimage\"},\"image\":{\"@id\":\"https:\/\/www.embl.org\/news\/connections\/inaugural-from-lab-to-launch-event-ignites-entrepreneurial-spirit-among-scientists\/#primaryimage\"},\"thumbnailUrl\":\"https:\/\/www.embl.org\/news\/wp-content\/uploads\/2024\/06\/1_Organizing-commitee_1000x600-e1719387997829.jpg\",\"datePublished\":\"2024-06-26T08:00:32+00:00\",\"dateModified\":\"2024-06-26T08:00:38+00:00\",\"description\":\"The event, co-organised by EMBL, EMBLEM, DESY, and HEREON, bridged research and entrepreneurship, fuelling innovation and discovery.\",\"inLanguage\":\"en-US\",\"potentialAction\":[{\"@type\":\"ReadAction\",\"target\":[\"https:\/\/www.embl.org\/news\/connections\/inaugural-from-lab-to-launch-event-ignites-entrepreneurial-spirit-among-scientists\/\"]}]},{\"@type\":\"ImageObject\",\"inLanguage\":\"en-US\",\"@id\":\"https:\/\/www.embl.org\/news\/connections\/inaugural-from-lab-to-launch-event-ignites-entrepreneurial-spirit-among-scientists\/#primaryimage\",\"url\":\"https:\/\/www.embl.org\/news\/wp-content\/uploads\/2024\/06\/1_Organizing-commitee_1000x600-e1719387997829.jpg\",\"contentUrl\":\"https:\/\/www.embl.org\/news\/wp-content\/uploads\/2024\/06\/1_Organizing-commitee_1000x600-e1719387997829.jpg\",\"width\":1000,\"height\":600,\"caption\":\"'From Lab to Launch' organising committee. From left to right: Laur\u00e8ne Ramos Martins, Business Development Manager, EMBLEM, Dorota Badowska, Communications Officer, EMBL Hamburg, J\u00fcrgen Bauer, Deputy Managing Director, EMBLEM, Katrin Sch\u00f6nert, Project coordination Startup Port, Community Events, Franziska Wulff, Communication & Marketing, Helmholtz-Zentrum Hereon, Dorothea Ringe, Head of DESY Start-up Office, Start-up Consulting, Angelika Eichenlaub, Startup Manager, Helmholtz-Zentrum Hereon. Credit: Franziska Wulff\/Hereon\"},{\"@type\":\"WebSite\",\"@id\":\"https:\/\/www.embl.org\/news\/#website\",\"url\":\"https:\/\/www.embl.org\/news\/\",\"name\":\"European Molecular Biology Laboratory News\",\"description\":\"News from the European Molecular Biology Laboratory\",\"publisher\":{\"@id\":\"https:\/\/www.embl.org\/news\/#organization\"},\"alternateName\":\"EMBL News\",\"potentialAction\":[{\"@type\":\"SearchAction\",\"target\":{\"@type\":\"EntryPoint\",\"urlTemplate\":\"https:\/\/www.embl.org\/news\/?s={search_term_string}\"},\"query-input\":{\"@type\":\"PropertyValueSpecification\",\"valueRequired\":true,\"valueName\":\"search_term_string\"}}],\"inLanguage\":\"en-US\"},{\"@type\":\"Organization\",\"@id\":\"https:\/\/www.embl.org\/news\/#organization\",\"name\":\"European Molecular Biology Laboratory\",\"alternateName\":\"EMBL\",\"url\":\"https:\/\/www.embl.org\/news\/\",\"logo\":{\"@type\":\"ImageObject\",\"inLanguage\":\"en-US\",\"@id\":\"https:\/\/www.embl.org\/news\/#\/schema\/logo\/image\/\",\"url\":\"https:\/\/www.embl.org\/news\/wp-content\/uploads\/2025\/09\/EMBL_logo_colour-1-300x144-1.png\",\"contentUrl\":\"https:\/\/www.embl.org\/news\/wp-content\/uploads\/2025\/09\/EMBL_logo_colour-1-300x144-1.png\",\"width\":300,\"height\":144,\"caption\":\"European Molecular Biology Laboratory\"},\"image\":{\"@id\":\"https:\/\/www.embl.org\/news\/#\/schema\/logo\/image\/\"},\"sameAs\":[\"https:\/\/www.facebook.com\/embl.org\/\",\"https:\/\/x.com\/embl\",\"https:\/\/www.instagram.com\/embl_org\/\",\"https:\/\/www.linkedin.com\/company\/15813\/\",\"https:\/\/www.youtube.com\/user\/emblmedia\/\"]},{\"@type\":\"Person\",\"@id\":\"https:\/\/www.embl.org\/news\/#\/schema\/person\/b4d9366b2ebe691c4015c64c3619205b\",\"name\":\"Guest author(s)\",\"image\":{\"@type\":\"ImageObject\",\"inLanguage\":\"en-US\",\"@id\":\"https:\/\/www.embl.org\/news\/#\/schema\/person\/image\/\",\"url\":\"https:\/\/secure.gravatar.com\/avatar\/300b9a1d66050ae03eaeb99869c6ebb30f5184b9468e92a2b3e7d28bc9cf742d?s=96&d=mm&r=g\",\"contentUrl\":\"https:\/\/secure.gravatar.com\/avatar\/300b9a1d66050ae03eaeb99869c6ebb30f5184b9468e92a2b3e7d28bc9cf742d?s=96&d=mm&r=g\",\"caption\":\"Guest author(s)\"},\"description\":\"Guest author(s)\",\"url\":\"https:\/\/www.embl.org\/news\/author\/guest-author\/\"}]}<\/script>\n<!-- \/ Yoast SEO plugin. -->","yoast_head_json":{"title":"Inaugural \u2018From Lab to Launch\u2019 event ignites entrepreneurial spirit among scientists | EMBL","description":"The event, co-organised by EMBL, EMBLEM, DESY, and HEREON, bridged research and entrepreneurship, fuelling innovation and discovery.","robots":{"index":"index","follow":"follow","max-snippet":"max-snippet:-1","max-image-preview":"max-image-preview:large","max-video-preview":"max-video-preview:-1"},"canonical":"https:\/\/www.embl.org\/news\/connections\/inaugural-from-lab-to-launch-event-ignites-entrepreneurial-spirit-among-scientists\/","og_locale":"en_US","og_type":"article","og_title":"Inaugural \u2018From Lab to Launch\u2019 event ignites entrepreneurial spirit among scientists | EMBL","og_description":"The event, co-organised by EMBL, EMBLEM, DESY, and HEREON, bridged research and entrepreneurship, fuelling innovation and discovery.","og_url":"https:\/\/www.embl.org\/news\/connections\/inaugural-from-lab-to-launch-event-ignites-entrepreneurial-spirit-among-scientists\/","og_site_name":"EMBL","article_publisher":"https:\/\/www.facebook.com\/embl.org\/","article_published_time":"2024-06-26T08:00:32+00:00","article_modified_time":"2024-06-26T08:00:38+00:00","og_image":[{"width":1000,"height":600,"url":"https:\/\/www.embl.org\/news\/wp-content\/uploads\/2024\/06\/1_Organizing-commitee_1000x600-e1719387997829.jpg","type":"image\/jpeg"}],"author":"Guest author(s)","twitter_card":"summary_large_image","twitter_creator":"@embl","twitter_site":"@embl","twitter_misc":{"Written by":"Guest author(s)","Est. reading time":"4 minutes"},"schema":{"@context":"https:\/\/schema.org","@graph":[{"@type":"NewsArticle","@id":"https:\/\/www.embl.org\/news\/connections\/inaugural-from-lab-to-launch-event-ignites-entrepreneurial-spirit-among-scientists\/#article","isPartOf":{"@id":"https:\/\/www.embl.org\/news\/connections\/inaugural-from-lab-to-launch-event-ignites-entrepreneurial-spirit-among-scientists\/"},"author":{"name":"Guest author(s)","@id":"https:\/\/www.embl.org\/news\/#\/schema\/person\/b4d9366b2ebe691c4015c64c3619205b"},"headline":"Inaugural \u2018From Lab to Launch\u2019 event ignites entrepreneurial spirit among scientists","datePublished":"2024-06-26T08:00:32+00:00","dateModified":"2024-06-26T08:00:38+00:00","mainEntityOfPage":{"@id":"https:\/\/www.embl.org\/news\/connections\/inaugural-from-lab-to-launch-event-ignites-entrepreneurial-spirit-among-scientists\/"},"wordCount":652,"publisher":{"@id":"https:\/\/www.embl.org\/news\/#organization"},"image":{"@id":"https:\/\/www.embl.org\/news\/connections\/inaugural-from-lab-to-launch-event-ignites-entrepreneurial-spirit-among-scientists\/#primaryimage"},"thumbnailUrl":"https:\/\/www.embl.org\/news\/wp-content\/uploads\/2024\/06\/1_Organizing-commitee_1000x600-e1719387997829.jpg","keywords":["emblem","technology transfer"],"articleSection":["Connections"],"inLanguage":"en-US"},{"@type":"WebPage","@id":"https:\/\/www.embl.org\/news\/connections\/inaugural-from-lab-to-launch-event-ignites-entrepreneurial-spirit-among-scientists\/","url":"https:\/\/www.embl.org\/news\/connections\/inaugural-from-lab-to-launch-event-ignites-entrepreneurial-spirit-among-scientists\/","name":"Inaugural \u2018From Lab to Launch\u2019 event ignites entrepreneurial spirit among scientists | EMBL","isPartOf":{"@id":"https:\/\/www.embl.org\/news\/#website"},"primaryImageOfPage":{"@id":"https:\/\/www.embl.org\/news\/connections\/inaugural-from-lab-to-launch-event-ignites-entrepreneurial-spirit-among-scientists\/#primaryimage"},"image":{"@id":"https:\/\/www.embl.org\/news\/connections\/inaugural-from-lab-to-launch-event-ignites-entrepreneurial-spirit-among-scientists\/#primaryimage"},"thumbnailUrl":"https:\/\/www.embl.org\/news\/wp-content\/uploads\/2024\/06\/1_Organizing-commitee_1000x600-e1719387997829.jpg","datePublished":"2024-06-26T08:00:32+00:00","dateModified":"2024-06-26T08:00:38+00:00","description":"The event, co-organised by EMBL, EMBLEM, DESY, and HEREON, bridged research and entrepreneurship, fuelling innovation and discovery.","inLanguage":"en-US","potentialAction":[{"@type":"ReadAction","target":["https:\/\/www.embl.org\/news\/connections\/inaugural-from-lab-to-launch-event-ignites-entrepreneurial-spirit-among-scientists\/"]}]},{"@type":"ImageObject","inLanguage":"en-US","@id":"https:\/\/www.embl.org\/news\/connections\/inaugural-from-lab-to-launch-event-ignites-entrepreneurial-spirit-among-scientists\/#primaryimage","url":"https:\/\/www.embl.org\/news\/wp-content\/uploads\/2024\/06\/1_Organizing-commitee_1000x600-e1719387997829.jpg","contentUrl":"https:\/\/www.embl.org\/news\/wp-content\/uploads\/2024\/06\/1_Organizing-commitee_1000x600-e1719387997829.jpg","width":1000,"height":600,"caption":"'From Lab to Launch' organising committee. From left to right: Laur\u00e8ne Ramos Martins, Business Development Manager, EMBLEM, Dorota Badowska, Communications Officer, EMBL Hamburg, J\u00fcrgen Bauer, Deputy Managing Director, EMBLEM, Katrin Sch\u00f6nert, Project coordination Startup Port, Community Events, Franziska Wulff, Communication & Marketing, Helmholtz-Zentrum Hereon, Dorothea Ringe, Head of DESY Start-up Office, Start-up Consulting, Angelika Eichenlaub, Startup Manager, Helmholtz-Zentrum Hereon. Credit: Franziska Wulff\/Hereon"},{"@type":"WebSite","@id":"https:\/\/www.embl.org\/news\/#website","url":"https:\/\/www.embl.org\/news\/","name":"European Molecular Biology Laboratory News","description":"News from the European Molecular Biology Laboratory","publisher":{"@id":"https:\/\/www.embl.org\/news\/#organization"},"alternateName":"EMBL News","potentialAction":[{"@type":"SearchAction","target":{"@type":"EntryPoint","urlTemplate":"https:\/\/www.embl.org\/news\/?s={search_term_string}"},"query-input":{"@type":"PropertyValueSpecification","valueRequired":true,"valueName":"search_term_string"}}],"inLanguage":"en-US"},{"@type":"Organization","@id":"https:\/\/www.embl.org\/news\/#organization","name":"European Molecular Biology Laboratory","alternateName":"EMBL","url":"https:\/\/www.embl.org\/news\/","logo":{"@type":"ImageObject","inLanguage":"en-US","@id":"https:\/\/www.embl.org\/news\/#\/schema\/logo\/image\/","url":"https:\/\/www.embl.org\/news\/wp-content\/uploads\/2025\/09\/EMBL_logo_colour-1-300x144-1.png","contentUrl":"https:\/\/www.embl.org\/news\/wp-content\/uploads\/2025\/09\/EMBL_logo_colour-1-300x144-1.png","width":300,"height":144,"caption":"European Molecular Biology Laboratory"},"image":{"@id":"https:\/\/www.embl.org\/news\/#\/schema\/logo\/image\/"},"sameAs":["https:\/\/www.facebook.com\/embl.org\/","https:\/\/x.com\/embl","https:\/\/www.instagram.com\/embl_org\/","https:\/\/www.linkedin.com\/company\/15813\/","https:\/\/www.youtube.com\/user\/emblmedia\/"]},{"@type":"Person","@id":"https:\/\/www.embl.org\/news\/#\/schema\/person\/b4d9366b2ebe691c4015c64c3619205b","name":"Guest author(s)","image":{"@type":"ImageObject","inLanguage":"en-US","@id":"https:\/\/www.embl.org\/news\/#\/schema\/person\/image\/","url":"https:\/\/secure.gravatar.com\/avatar\/300b9a1d66050ae03eaeb99869c6ebb30f5184b9468e92a2b3e7d28bc9cf742d?s=96&d=mm&r=g","contentUrl":"https:\/\/secure.gravatar.com\/avatar\/300b9a1d66050ae03eaeb99869c6ebb30f5184b9468e92a2b3e7d28bc9cf742d?s=96&d=mm&r=g","caption":"Guest author(s)"},"description":"Guest author(s)","url":"https:\/\/www.embl.org\/news\/author\/guest-author\/"}]}},"field_target_display":"embl","field_article_language":{"value":"english","label":"English"},"fimg_url":"https:\/\/www.embl.org\/news\/wp-content\/uploads\/2024\/06\/1_Organizing-commitee_1000x600-e1719387997829.jpg","featured_image_src":"https:\/\/www.embl.org\/news\/wp-content\/uploads\/2024\/06\/1_Organizing-commitee_1000x600-e1719387997829.jpg","_links":{"self":[{"href":"https:\/\/www.embl.org\/news\/wp-json\/wp\/v2\/posts\/68891","targetHints":{"allow":["GET"]}}],"collection":[{"href":"https:\/\/www.embl.org\/news\/wp-json\/wp\/v2\/posts"}],"about":[{"href":"https:\/\/www.embl.org\/news\/wp-json\/wp\/v2\/types\/post"}],"author":[{"embeddable":true,"href":"https:\/\/www.embl.org\/news\/wp-json\/wp\/v2\/users\/16"}],"replies":[{"embeddable":true,"href":"https:\/\/www.embl.org\/news\/wp-json\/wp\/v2\/comments?post=68891"}],"version-history":[{"count":3,"href":"https:\/\/www.embl.org\/news\/wp-json\/wp\/v2\/posts\/68891\/revisions"}],"predecessor-version":[{"id":68909,"href":"https:\/\/www.embl.org\/news\/wp-json\/wp\/v2\/posts\/68891\/revisions\/68909"}],"wp:featuredmedia":[{"embeddable":true,"href":"https:\/\/www.embl.org\/news\/wp-json\/wp\/v2\/media\/68903"}],"wp:attachment":[{"href":"https:\/\/www.embl.org\/news\/wp-json\/wp\/v2\/media?parent=68891"}],"wp:term":[{"taxonomy":"category","embeddable":true,"href":"https:\/\/www.embl.org\/news\/wp-json\/wp\/v2\/categories?post=68891"},{"taxonomy":"post_tag","embeddable":true,"href":"https:\/\/www.embl.org\/news\/wp-json\/wp\/v2\/tags?post=68891"},{"taxonomy":"embl_taxonomy","embeddable":true,"href":"https:\/\/www.embl.org\/news\/wp-json\/wp\/v2\/embl_taxonomy?post=68891"}],"curies":[{"name":"wp","href":"https:\/\/api.w.org\/{rel}","templated":true}]}}