{"id":6879,"date":"2016-04-21T07:00:37","date_gmt":"2016-04-21T05:00:37","guid":{"rendered":"http:\/\/news.embl.de\/?p=6879"},"modified":"2024-03-25T10:29:25","modified_gmt":"2024-03-25T09:29:25","slug":"1604-baudoin","status":"publish","type":"post","link":"https:\/\/www.embl.org\/news\/lab-matters\/1604-baudoin\/","title":{"rendered":"From the Archive: The Moon Dreamers"},"content":{"rendered":"<h3>By Anne-Flore Lalo\u00eb<\/h3>\n<p><img loading=\"lazy\" decoding=\"async\" class=\"alignleft wp-image-6887 size-full\" src=\"http:\/\/news.embl.de\/wp-content\/uploads\/2016\/04\/160421-boudoin-portrait.jpg\" alt=\"Edmond Baudoin. PHOTO: Thomas Salva\" width=\"150\" height=\"150\"\/>This edition we highlight an original artwork donated to the EMBL Archive by illustrator Edmond Baudoin (pictured). Last year, together with mathematician C\u00e9dric Villani, Baudoin published a book that explores the intense personal story of Le\u00f3 Szil\u00e1rd, a nuclear physicist who in part initiated the idea of EMBL. <em>Les R\u00eaveurs lunaires<\/em> \u2013 or The Moon Dreamers \u2013 highlights socio-ethical issues intertwined with fundamental breakthroughs, also zooming in on the lives of code-breaker Alan Turing, quantum pioneer Werner Heisenberg and military commander Hugh Dowding. I caught up with Baudoin to find out more.<\/p>\n<h3>What did the book set out to achieve?<\/h3>\n<p>While we might know about the discoveries our main characters are famous for, we might not often think about scientists\u2019 human journeys. The four protagonists made significant contributions to modern science, but also had to confront significant moral and ethical questions. How did they feel about their contributions to knowledge when they looked back on their work? Were they proud, ashamed, or confused? Our book aims to illustrate \u2013 and even challenge \u2013 the role of science in our society through their experiences.<\/p>\n<blockquote><p>It was important to reflect this complexity and layered depth in how I represented him.<\/p><\/blockquote>\n<h3>How did you draw each character?<\/h3>\n<p>I adapted my drawing style depending on how easily I came to understand the individual. For Szil\u00e1rd, as I learned about him, the different layers of his character and the complexities of his story meant that I wanted to use a special tool that scratched the surface of the paper \u2013 much like digging into his personality. During his life, Szil\u00e1rd seemingly carries the weight of the world on his shoulders, together with the fear and personal tragedy that came part and parcel with being a Hungarian Jew in the first half of the twentieth century. I felt it was important to reflect this complexity and layered depth in how I represented him.<\/p>\n<h3>Describe your dynamic with Villani\u2026<\/h3>\n<p>I was never really good at maths in school, so it was really magical for me to be approached by Villani, who liked my drawing style. The chemistry that developed between us was tremendous, and after reading his storylines over and over, the pages just flowed out \u2013 it felt like musical improvisation! But there was a lot of back-and-forth exchange. In one night scene, I had sketched a crescent moon and emailed the draft to Villani: he wrote back instantly explaining that on the evening of the scene \u2013 6 August 1945 \u2013, the moon would have been waning, not waxing and I redrew the page accordingly. It was a delight to work with someone with such meticulous attention to detail. For Villani, communicating science is a passion \u2013 almost an act of activism! Ultimately we both wanted to take advantage of the very popular medium of comic books to tell a narrative that could promote understanding of the role of science in a better world.<\/p>\n<div class=\"vf-box vf-box--normal vf-box-theme--primary\">\n<h3>In English<a href=\"http:\/\/news.embl.de\/wp-content\/uploads\/2016\/04\/160421-boudoin-full.jpg\"><img loading=\"lazy\" decoding=\"async\" class=\"alignleft size-full wp-image-7184\" src=\"https:\/\/news.embl.de\/wp-content\/uploads\/2016\/04\/160421-boudoin-small.jpg\" alt=\"160421-boudoin-small\" width=\"150\" height=\"213\"\/><\/a><\/h3>\n<p class=\"vf-box__text\">&#8220;<span class=\"s1\">I thought the hardest was behind me, but until the spring of 1940, nothing was happening. The world was being toppled, the Germans were the only ones working on the bomb, and money was not forthcoming.&nbsp;<\/span><\/p>\n<p class=\"vf-box__text\" class=\"p1\"><span class=\"s1\">&#8220;And Fermi was in no rush to work on the project! Fermi, he was a pure scientist, his country\u2019s best, but incapable of taking the political matters of the world seriously. He was always floating above us, working for the next millennium, and he didn\u2019t give a damn about the bomb! He said our experiment was 90% likely to fail! Oh, but if we have a 10% chance of seeing the apocalypse, it\u2019s worth a try, no? That was how I understood caution.\u201d<\/span><\/p><\/div>\n","protected":false},"excerpt":{"rendered":"<p>Illustrator Edmond Baudoin donates an original artwork to the EMBL Archive<\/p>\n","protected":false},"author":16,"featured_media":6886,"comment_status":"closed","ping_status":"closed","sticky":false,"template":"","format":"standard","meta":{"_acf_changed":false,"footnotes":""},"categories":[3,17593],"tags":[322,952,354,14001],"embl_taxonomy":[19215],"class_list":["post-6879","post","type-post","status-publish","format-standard","has-post-thumbnail","hentry","category-lab-matters","category-people-perspectives","tag-embl-archive","tag-history","tag-leo-szilard","tag-osim","embl_taxonomy-embl-archive"],"acf":{"article_intro":"<p>With the goal of telling the story of molecular biology firsthand, EMBL\u2019s Archive is on the hunt for unique material significant to the Laboratory\u2019s history: our new regular feature explores some of the highlights<\/p>\n","related_links":false,"article_sources":false,"vf_locked":false,"featured":false,"color":"#007B53","show_featured_image":false,"field_target_display":"embl","field_article_language":{"value":"english","label":"English"},"source_article":false,"in_this_article":false,"press_contact":"None","article_translations":false,"languages":""},"embl_taxonomy_terms":[{"uuid":"a:3:{i:0;s:36:\"302cfdf7-365b-462a-be65-82c7b783ebf7\";i:1;s:36:\"17a6384a-fa1a-49d9-89ca-811de30c6abf\";i:2;s:36:\"863f68e2-d084-4d37-a3aa-16fc4b68f366\";}","parents":[],"name":["EMBL Archive"],"slug":"embl-archive","description":"What &gt; Scientific Information Management &gt; EMBL Archive"}],"yoast_head":"<!-- This site is optimized with the Yoast SEO plugin v26.2 - https:\/\/yoast.com\/wordpress\/plugins\/seo\/ -->\n<title>From the Archive: The Moon Dreamers<\/title>\n<meta name=\"description\" content=\"Illustrator Edmond Baudoin donates an original artwork to the EMBL Archive\" \/>\n<meta name=\"robots\" content=\"index, follow, max-snippet:-1, max-image-preview:large, max-video-preview:-1\" \/>\n<link rel=\"canonical\" href=\"https:\/\/www.embl.org\/news\/lab-matters\/1604-baudoin\/\" \/>\n<meta property=\"og:locale\" content=\"en_US\" \/>\n<meta property=\"og:type\" content=\"article\" \/>\n<meta property=\"og:title\" content=\"From the Archive: The Moon Dreamers\" \/>\n<meta property=\"og:description\" content=\"Illustrator Edmond Baudoin donates an original artwork to the EMBL Archive\" \/>\n<meta property=\"og:url\" content=\"https:\/\/www.embl.org\/news\/lab-matters\/1604-baudoin\/\" \/>\n<meta property=\"og:site_name\" content=\"EMBL\" \/>\n<meta property=\"article:publisher\" content=\"https:\/\/www.facebook.com\/embl.org\/\" \/>\n<meta property=\"article:published_time\" content=\"2016-04-21T05:00:37+00:00\" \/>\n<meta property=\"article:modified_time\" content=\"2024-03-25T09:29:25+00:00\" \/>\n<meta property=\"og:image\" content=\"https:\/\/www.embl.org\/news\/wp-content\/uploads\/2016\/04\/160421-boudoin-ib.jpg\" \/>\n\t<meta property=\"og:image:width\" content=\"620\" \/>\n\t<meta property=\"og:image:height\" content=\"425\" \/>\n\t<meta property=\"og:image:type\" content=\"image\/jpeg\" \/>\n<meta name=\"author\" content=\"Guest author(s)\" \/>\n<meta name=\"twitter:card\" content=\"summary_large_image\" \/>\n<meta name=\"twitter:creator\" content=\"@embl\" \/>\n<meta name=\"twitter:site\" content=\"@embl\" \/>\n<meta name=\"twitter:label1\" content=\"Written by\" \/>\n\t<meta name=\"twitter:data1\" content=\"Guest author(s)\" \/>\n\t<meta name=\"twitter:label2\" content=\"Est. reading time\" \/>\n\t<meta name=\"twitter:data2\" content=\"4 minutes\" \/>\n<script type=\"application\/ld+json\" class=\"yoast-schema-graph\">{\"@context\":\"https:\/\/schema.org\",\"@graph\":[{\"@type\":\"NewsArticle\",\"@id\":\"https:\/\/www.embl.org\/news\/lab-matters\/1604-baudoin\/#article\",\"isPartOf\":{\"@id\":\"https:\/\/www.embl.org\/news\/lab-matters\/1604-baudoin\/\"},\"author\":{\"name\":\"Guest author(s)\",\"@id\":\"https:\/\/www.embl.org\/news\/#\/schema\/person\/b4d9366b2ebe691c4015c64c3619205b\"},\"headline\":\"From the Archive: The Moon Dreamers\",\"datePublished\":\"2016-04-21T05:00:37+00:00\",\"dateModified\":\"2024-03-25T09:29:25+00:00\",\"mainEntityOfPage\":{\"@id\":\"https:\/\/www.embl.org\/news\/lab-matters\/1604-baudoin\/\"},\"wordCount\":616,\"publisher\":{\"@id\":\"https:\/\/www.embl.org\/news\/#organization\"},\"image\":{\"@id\":\"https:\/\/www.embl.org\/news\/lab-matters\/1604-baudoin\/#primaryimage\"},\"thumbnailUrl\":\"https:\/\/www.embl.org\/news\/wp-content\/uploads\/2016\/04\/160421-boudoin-ib.jpg\",\"keywords\":[\"embl archive\",\"history\",\"leo szilard\",\"osim\"],\"articleSection\":[\"Lab Matters\",\"People &amp; Perspectives\"],\"inLanguage\":\"en-US\"},{\"@type\":\"WebPage\",\"@id\":\"https:\/\/www.embl.org\/news\/lab-matters\/1604-baudoin\/\",\"url\":\"https:\/\/www.embl.org\/news\/lab-matters\/1604-baudoin\/\",\"name\":\"From the Archive: The Moon Dreamers\",\"isPartOf\":{\"@id\":\"https:\/\/www.embl.org\/news\/#website\"},\"primaryImageOfPage\":{\"@id\":\"https:\/\/www.embl.org\/news\/lab-matters\/1604-baudoin\/#primaryimage\"},\"image\":{\"@id\":\"https:\/\/www.embl.org\/news\/lab-matters\/1604-baudoin\/#primaryimage\"},\"thumbnailUrl\":\"https:\/\/www.embl.org\/news\/wp-content\/uploads\/2016\/04\/160421-boudoin-ib.jpg\",\"datePublished\":\"2016-04-21T05:00:37+00:00\",\"dateModified\":\"2024-03-25T09:29:25+00:00\",\"description\":\"Illustrator Edmond Baudoin donates an original artwork to the EMBL Archive\",\"inLanguage\":\"en-US\",\"potentialAction\":[{\"@type\":\"ReadAction\",\"target\":[\"https:\/\/www.embl.org\/news\/lab-matters\/1604-baudoin\/\"]}]},{\"@type\":\"ImageObject\",\"inLanguage\":\"en-US\",\"@id\":\"https:\/\/www.embl.org\/news\/lab-matters\/1604-baudoin\/#primaryimage\",\"url\":\"https:\/\/www.embl.org\/news\/wp-content\/uploads\/2016\/04\/160421-boudoin-ib.jpg\",\"contentUrl\":\"https:\/\/www.embl.org\/news\/wp-content\/uploads\/2016\/04\/160421-boudoin-ib.jpg\",\"width\":620,\"height\":425,\"caption\":\"An extract from Edmond Baudoin's original artwork \u2013 see the full image. IMAGE: Edmond Baudoin \/ C\u00e9dric Villani \/ EMBL Archive DE 2324 P-BAU -1\"},{\"@type\":\"WebSite\",\"@id\":\"https:\/\/www.embl.org\/news\/#website\",\"url\":\"https:\/\/www.embl.org\/news\/\",\"name\":\"European Molecular Biology Laboratory News\",\"description\":\"News from the European Molecular Biology Laboratory\",\"publisher\":{\"@id\":\"https:\/\/www.embl.org\/news\/#organization\"},\"alternateName\":\"EMBL News\",\"potentialAction\":[{\"@type\":\"SearchAction\",\"target\":{\"@type\":\"EntryPoint\",\"urlTemplate\":\"https:\/\/www.embl.org\/news\/?s={search_term_string}\"},\"query-input\":{\"@type\":\"PropertyValueSpecification\",\"valueRequired\":true,\"valueName\":\"search_term_string\"}}],\"inLanguage\":\"en-US\"},{\"@type\":\"Organization\",\"@id\":\"https:\/\/www.embl.org\/news\/#organization\",\"name\":\"European Molecular Biology Laboratory\",\"alternateName\":\"EMBL\",\"url\":\"https:\/\/www.embl.org\/news\/\",\"logo\":{\"@type\":\"ImageObject\",\"inLanguage\":\"en-US\",\"@id\":\"https:\/\/www.embl.org\/news\/#\/schema\/logo\/image\/\",\"url\":\"https:\/\/www.embl.org\/news\/wp-content\/uploads\/2025\/09\/EMBL_logo_colour-1-300x144-1.png\",\"contentUrl\":\"https:\/\/www.embl.org\/news\/wp-content\/uploads\/2025\/09\/EMBL_logo_colour-1-300x144-1.png\",\"width\":300,\"height\":144,\"caption\":\"European Molecular Biology Laboratory\"},\"image\":{\"@id\":\"https:\/\/www.embl.org\/news\/#\/schema\/logo\/image\/\"},\"sameAs\":[\"https:\/\/www.facebook.com\/embl.org\/\",\"https:\/\/x.com\/embl\",\"https:\/\/www.instagram.com\/embl_org\/\",\"https:\/\/www.linkedin.com\/company\/15813\/\",\"https:\/\/www.youtube.com\/user\/emblmedia\/\"]},{\"@type\":\"Person\",\"@id\":\"https:\/\/www.embl.org\/news\/#\/schema\/person\/b4d9366b2ebe691c4015c64c3619205b\",\"name\":\"Guest author(s)\",\"image\":{\"@type\":\"ImageObject\",\"inLanguage\":\"en-US\",\"@id\":\"https:\/\/www.embl.org\/news\/#\/schema\/person\/image\/\",\"url\":\"https:\/\/secure.gravatar.com\/avatar\/300b9a1d66050ae03eaeb99869c6ebb30f5184b9468e92a2b3e7d28bc9cf742d?s=96&d=mm&r=g\",\"contentUrl\":\"https:\/\/secure.gravatar.com\/avatar\/300b9a1d66050ae03eaeb99869c6ebb30f5184b9468e92a2b3e7d28bc9cf742d?s=96&d=mm&r=g\",\"caption\":\"Guest author(s)\"},\"description\":\"Guest author(s)\",\"url\":\"https:\/\/www.embl.org\/news\/author\/guest-author\/\"}]}<\/script>\n<!-- \/ Yoast SEO plugin. -->","yoast_head_json":{"title":"From the Archive: The Moon Dreamers","description":"Illustrator Edmond Baudoin donates an original artwork to the EMBL Archive","robots":{"index":"index","follow":"follow","max-snippet":"max-snippet:-1","max-image-preview":"max-image-preview:large","max-video-preview":"max-video-preview:-1"},"canonical":"https:\/\/www.embl.org\/news\/lab-matters\/1604-baudoin\/","og_locale":"en_US","og_type":"article","og_title":"From the Archive: The Moon Dreamers","og_description":"Illustrator Edmond Baudoin donates an original artwork to the EMBL Archive","og_url":"https:\/\/www.embl.org\/news\/lab-matters\/1604-baudoin\/","og_site_name":"EMBL","article_publisher":"https:\/\/www.facebook.com\/embl.org\/","article_published_time":"2016-04-21T05:00:37+00:00","article_modified_time":"2024-03-25T09:29:25+00:00","og_image":[{"width":620,"height":425,"url":"https:\/\/www.embl.org\/news\/wp-content\/uploads\/2016\/04\/160421-boudoin-ib.jpg","type":"image\/jpeg"}],"author":"Guest author(s)","twitter_card":"summary_large_image","twitter_creator":"@embl","twitter_site":"@embl","twitter_misc":{"Written by":"Guest author(s)","Est. reading time":"4 minutes"},"schema":{"@context":"https:\/\/schema.org","@graph":[{"@type":"NewsArticle","@id":"https:\/\/www.embl.org\/news\/lab-matters\/1604-baudoin\/#article","isPartOf":{"@id":"https:\/\/www.embl.org\/news\/lab-matters\/1604-baudoin\/"},"author":{"name":"Guest author(s)","@id":"https:\/\/www.embl.org\/news\/#\/schema\/person\/b4d9366b2ebe691c4015c64c3619205b"},"headline":"From the Archive: The Moon Dreamers","datePublished":"2016-04-21T05:00:37+00:00","dateModified":"2024-03-25T09:29:25+00:00","mainEntityOfPage":{"@id":"https:\/\/www.embl.org\/news\/lab-matters\/1604-baudoin\/"},"wordCount":616,"publisher":{"@id":"https:\/\/www.embl.org\/news\/#organization"},"image":{"@id":"https:\/\/www.embl.org\/news\/lab-matters\/1604-baudoin\/#primaryimage"},"thumbnailUrl":"https:\/\/www.embl.org\/news\/wp-content\/uploads\/2016\/04\/160421-boudoin-ib.jpg","keywords":["embl archive","history","leo szilard","osim"],"articleSection":["Lab Matters","People &amp; Perspectives"],"inLanguage":"en-US"},{"@type":"WebPage","@id":"https:\/\/www.embl.org\/news\/lab-matters\/1604-baudoin\/","url":"https:\/\/www.embl.org\/news\/lab-matters\/1604-baudoin\/","name":"From the Archive: The Moon Dreamers","isPartOf":{"@id":"https:\/\/www.embl.org\/news\/#website"},"primaryImageOfPage":{"@id":"https:\/\/www.embl.org\/news\/lab-matters\/1604-baudoin\/#primaryimage"},"image":{"@id":"https:\/\/www.embl.org\/news\/lab-matters\/1604-baudoin\/#primaryimage"},"thumbnailUrl":"https:\/\/www.embl.org\/news\/wp-content\/uploads\/2016\/04\/160421-boudoin-ib.jpg","datePublished":"2016-04-21T05:00:37+00:00","dateModified":"2024-03-25T09:29:25+00:00","description":"Illustrator Edmond Baudoin donates an original artwork to the EMBL Archive","inLanguage":"en-US","potentialAction":[{"@type":"ReadAction","target":["https:\/\/www.embl.org\/news\/lab-matters\/1604-baudoin\/"]}]},{"@type":"ImageObject","inLanguage":"en-US","@id":"https:\/\/www.embl.org\/news\/lab-matters\/1604-baudoin\/#primaryimage","url":"https:\/\/www.embl.org\/news\/wp-content\/uploads\/2016\/04\/160421-boudoin-ib.jpg","contentUrl":"https:\/\/www.embl.org\/news\/wp-content\/uploads\/2016\/04\/160421-boudoin-ib.jpg","width":620,"height":425,"caption":"An extract from Edmond Baudoin's original artwork \u2013 see the full image. IMAGE: Edmond Baudoin \/ C\u00e9dric Villani \/ EMBL Archive DE 2324 P-BAU -1"},{"@type":"WebSite","@id":"https:\/\/www.embl.org\/news\/#website","url":"https:\/\/www.embl.org\/news\/","name":"European Molecular Biology Laboratory News","description":"News from the European Molecular Biology Laboratory","publisher":{"@id":"https:\/\/www.embl.org\/news\/#organization"},"alternateName":"EMBL News","potentialAction":[{"@type":"SearchAction","target":{"@type":"EntryPoint","urlTemplate":"https:\/\/www.embl.org\/news\/?s={search_term_string}"},"query-input":{"@type":"PropertyValueSpecification","valueRequired":true,"valueName":"search_term_string"}}],"inLanguage":"en-US"},{"@type":"Organization","@id":"https:\/\/www.embl.org\/news\/#organization","name":"European Molecular Biology Laboratory","alternateName":"EMBL","url":"https:\/\/www.embl.org\/news\/","logo":{"@type":"ImageObject","inLanguage":"en-US","@id":"https:\/\/www.embl.org\/news\/#\/schema\/logo\/image\/","url":"https:\/\/www.embl.org\/news\/wp-content\/uploads\/2025\/09\/EMBL_logo_colour-1-300x144-1.png","contentUrl":"https:\/\/www.embl.org\/news\/wp-content\/uploads\/2025\/09\/EMBL_logo_colour-1-300x144-1.png","width":300,"height":144,"caption":"European Molecular Biology Laboratory"},"image":{"@id":"https:\/\/www.embl.org\/news\/#\/schema\/logo\/image\/"},"sameAs":["https:\/\/www.facebook.com\/embl.org\/","https:\/\/x.com\/embl","https:\/\/www.instagram.com\/embl_org\/","https:\/\/www.linkedin.com\/company\/15813\/","https:\/\/www.youtube.com\/user\/emblmedia\/"]},{"@type":"Person","@id":"https:\/\/www.embl.org\/news\/#\/schema\/person\/b4d9366b2ebe691c4015c64c3619205b","name":"Guest author(s)","image":{"@type":"ImageObject","inLanguage":"en-US","@id":"https:\/\/www.embl.org\/news\/#\/schema\/person\/image\/","url":"https:\/\/secure.gravatar.com\/avatar\/300b9a1d66050ae03eaeb99869c6ebb30f5184b9468e92a2b3e7d28bc9cf742d?s=96&d=mm&r=g","contentUrl":"https:\/\/secure.gravatar.com\/avatar\/300b9a1d66050ae03eaeb99869c6ebb30f5184b9468e92a2b3e7d28bc9cf742d?s=96&d=mm&r=g","caption":"Guest author(s)"},"description":"Guest author(s)","url":"https:\/\/www.embl.org\/news\/author\/guest-author\/"}]}},"field_target_display":"embl","field_article_language":{"value":"english","label":"English"},"fimg_url":"https:\/\/www.embl.org\/news\/wp-content\/uploads\/2016\/04\/160421-boudoin-ib.jpg","featured_image_src":"https:\/\/www.embl.org\/news\/wp-content\/uploads\/2016\/04\/160421-boudoin-ib.jpg","_links":{"self":[{"href":"https:\/\/www.embl.org\/news\/wp-json\/wp\/v2\/posts\/6879","targetHints":{"allow":["GET"]}}],"collection":[{"href":"https:\/\/www.embl.org\/news\/wp-json\/wp\/v2\/posts"}],"about":[{"href":"https:\/\/www.embl.org\/news\/wp-json\/wp\/v2\/types\/post"}],"author":[{"embeddable":true,"href":"https:\/\/www.embl.org\/news\/wp-json\/wp\/v2\/users\/16"}],"replies":[{"embeddable":true,"href":"https:\/\/www.embl.org\/news\/wp-json\/wp\/v2\/comments?post=6879"}],"version-history":[{"count":20,"href":"https:\/\/www.embl.org\/news\/wp-json\/wp\/v2\/posts\/6879\/revisions"}],"predecessor-version":[{"id":21423,"href":"https:\/\/www.embl.org\/news\/wp-json\/wp\/v2\/posts\/6879\/revisions\/21423"}],"wp:featuredmedia":[{"embeddable":true,"href":"https:\/\/www.embl.org\/news\/wp-json\/wp\/v2\/media\/6886"}],"wp:attachment":[{"href":"https:\/\/www.embl.org\/news\/wp-json\/wp\/v2\/media?parent=6879"}],"wp:term":[{"taxonomy":"category","embeddable":true,"href":"https:\/\/www.embl.org\/news\/wp-json\/wp\/v2\/categories?post=6879"},{"taxonomy":"post_tag","embeddable":true,"href":"https:\/\/www.embl.org\/news\/wp-json\/wp\/v2\/tags?post=6879"},{"taxonomy":"embl_taxonomy","embeddable":true,"href":"https:\/\/www.embl.org\/news\/wp-json\/wp\/v2\/embl_taxonomy?post=6879"}],"curies":[{"name":"wp","href":"https:\/\/api.w.org\/{rel}","templated":true}]}}