{"id":45442,"date":"2021-12-16T17:12:04","date_gmt":"2021-12-16T16:12:04","guid":{"rendered":"https:\/\/www.embl.org\/news\/?p=45442"},"modified":"2024-03-22T15:19:58","modified_gmt":"2024-03-22T14:19:58","slug":"inaugural-kafatos-lecture","status":"publish","type":"post","link":"https:\/\/www.embl.org\/news\/alumni\/inaugural-kafatos-lecture\/","title":{"rendered":"Denis Duboule to deliver inaugural Kafatos Lecture"},"content":{"rendered":"\n<p><meta charset=\"utf-8\"\/><em>By Tom Furnival-Adams,<\/em> <em><a href=\"https:\/\/www.embl.de\/aboutus\/alumni\/index.html\">Alumni Relations Officer<\/a><\/em><\/p>\n\n\n\n<p>The <a href=\"https:\/\/www.embl.org\/about\/info\/alumni\/community\/recognitions\/kafatos-lecture\/\">Kafatos Lecture series<\/a> was launched in 2021 to bring groundbreaking life science research to the public and to honour the legacy of Fotis Kafatos, former EMBL Director General, who was also the Founder and first President of the European Research Council (ERC).<\/p>\n\n\n\n<p>The Kafatos Lectures&nbsp;provide an exciting new global platform for outstanding scientists who are past or current European Research Council (ERC) grantees to share their work with the general public. 2022 will mark five years since <a href=\"https:\/\/www.embl.org\/news\/alumni\/obituary-fotis-kafatos\/\">Kafatos passed away<\/a>.<\/p>\n\n\n\n<p>EMBL alumnus Denis Duboule, Professor at the&nbsp;\u00c9cole polytechnique f\u00e9d\u00e9rale de Lausanne (EPFL), the University of Geneva, and the&nbsp;Coll\u00e8ge de France, has been selected as the speaker for the 2022 inaugural Kafatos Lecture. The event, which will take place on 7 October 2022 in Fotis Kafatos\u2019s birthplace Heraklion, Greece, will be live streamed.<\/p>\n\n\n\n<p>\u201cI&#8217;m touched and very grateful to have been selected as the inaugural speaker,\u201d said Professor Duboule. \u201cI knew Fotis \u2013 and his science \u2013 for more than 25 years. To be invited to deliver this lecture in his memory in Heraklion, where he invested so much time and effort to promote science, is simply awesome. It is a fantastic opportunity for me, and I can&#8217;t wait.\u201d<\/p>\n\n\n\n<p>Professor Duboule has a long-standing connection with EMBL, having been a group leader at EMBL Heidelberg between 1988 and 1993. He also served as EMBL Council delegate and Scientific Advisory Committee (SAC) member. Remembering Kafatos, Professor Duboule said: \u201cFotis was exceptionally devoted to helping young people. This was a priority he retained throughout his life, at Harvard, during his leadership of EMBL, and in the foundation of the ERC. He had an intrinsic need to promote the science of young people and to help young people throughout their careers.\u201d<\/p>\n\n\n\n<p>Professor <a href=\"https:\/\/genev.unige.ch\/research\/laboratory\/Denis-Duboule\">Duboule\u2019s research<\/a> focuses on the regulatory mechanisms underlying vertebrate pattern formation in developmental and evolutionary contexts. Asked about his goals for this public lecture, he said that he hopes to leave attendees with a realisation that science is an integral part of our society and culture. \u201cThe public has a right to access science and understand what scientists are doing.\u201d<\/p>\n\n\n\n<p>Registration to attend the lecture is now available.  <a href=\"https:\/\/www.embl.org\/about\/info\/alumni\/blog\/events\/kafatos-lectures-2022\/\">Find out more about the details. <\/a><\/p>\n","protected":false},"excerpt":{"rendered":"<p>EMBL alumnus Denis Duboule has been selected as the speaker for the inaugural Kafatos Lecture to take place in October 2022.<\/p>\n","protected":false},"author":16,"featured_media":45460,"comment_status":"closed","ping_status":"closed","sticky":false,"template":"","format":"standard","meta":{"_acf_changed":false,"footnotes":""},"categories":[5,17597],"tags":[80,92,1333,861],"embl_taxonomy":[5794],"class_list":["post-45442","post","type-post","status-publish","format-standard","has-post-thumbnail","hentry","category-alumni","category-embl-announcements","tag-alumni","tag-event","tag-kafatos","tag-public-engagement","embl_taxonomy-alumni-relations"],"acf":{"featured":false,"show_featured_image":false,"field_target_display":"","article_intro":"<p>EMBL alumnus selected to deliver public lecture discussing outstanding research in the life sciences<\/p>\n","related_links":[{"link_description":"Kafatos Lectures","link_url":"https:\/\/www.embl.org\/about\/info\/alumni\/community\/recognitions\/kafatos-lecture\/"},{"link_description":"Obituary - Fotis Kafatos","link_url":"https:\/\/www.embl.org\/about\/info\/alumni\/community\/obituaries\/fotis-kafatos\/"},{"link_description":"Kafatos Lecture registration","link_url":"https:\/\/www.embl.org\/about\/info\/alumni\/blog\/events\/kafatos-lectures-2022\/"}],"source_article":false,"in_this_article":false,"press_contact":"None"},"embl_taxonomy_terms":[{"uuid":"a:3:{i:0;s:36:\"302cfdf7-365b-462a-be65-82c7b783ebf7\";i:1;s:36:\"bc1eaadd-1f50-4140-8e9b-e58fc33a39fc\";i:2;s:36:\"c07b3f46-3e45-495a-9902-ba71c4ffdd6d\";}","parents":[],"name":["Alumni Relations"],"slug":"alumni-relations","description":"What &gt; About EMBL &gt; Alumni Relations"}],"yoast_head":"<!-- This site is optimized with the Yoast SEO plugin v26.2 - https:\/\/yoast.com\/wordpress\/plugins\/seo\/ -->\n<title>Denis Duboule to deliver inaugural Kafatos Lecture | EMBL<\/title>\n<meta name=\"description\" content=\"EMBL alumnus Denis Duboule has been selected as the speaker for the inaugural Kafatos Lecture to take place in October 2022.\" \/>\n<meta name=\"robots\" content=\"index, follow, max-snippet:-1, max-image-preview:large, max-video-preview:-1\" \/>\n<link rel=\"canonical\" href=\"https:\/\/www.embl.org\/news\/alumni\/inaugural-kafatos-lecture\/\" \/>\n<meta property=\"og:locale\" content=\"en_US\" \/>\n<meta property=\"og:type\" content=\"article\" \/>\n<meta property=\"og:title\" content=\"Denis Duboule to deliver inaugural Kafatos Lecture | EMBL\" \/>\n<meta property=\"og:description\" content=\"EMBL alumnus Denis Duboule has been selected as the speaker for the inaugural Kafatos Lecture to take place in October 2022.\" \/>\n<meta property=\"og:url\" content=\"https:\/\/www.embl.org\/news\/alumni\/inaugural-kafatos-lecture\/\" \/>\n<meta property=\"og:site_name\" content=\"EMBL\" \/>\n<meta property=\"article:publisher\" content=\"https:\/\/www.facebook.com\/embl.org\/\" \/>\n<meta property=\"article:published_time\" content=\"2021-12-16T16:12:04+00:00\" \/>\n<meta property=\"article:modified_time\" content=\"2024-03-22T14:19:58+00:00\" \/>\n<meta property=\"og:image\" content=\"https:\/\/www.embl.org\/news\/wp-content\/uploads\/2021\/12\/Denis_Duboule_in_2010_1000px.png\" \/>\n\t<meta property=\"og:image:width\" content=\"1000\" \/>\n\t<meta property=\"og:image:height\" content=\"600\" \/>\n\t<meta property=\"og:image:type\" content=\"image\/png\" \/>\n<meta name=\"author\" content=\"Guest author(s)\" \/>\n<meta name=\"twitter:card\" content=\"summary_large_image\" \/>\n<meta name=\"twitter:creator\" content=\"@embl\" \/>\n<meta name=\"twitter:site\" content=\"@embl\" \/>\n<meta name=\"twitter:label1\" content=\"Written by\" \/>\n\t<meta name=\"twitter:data1\" content=\"Guest author(s)\" \/>\n\t<meta name=\"twitter:label2\" content=\"Est. reading time\" \/>\n\t<meta name=\"twitter:data2\" content=\"2 minutes\" \/>\n<script type=\"application\/ld+json\" class=\"yoast-schema-graph\">{\"@context\":\"https:\/\/schema.org\",\"@graph\":[{\"@type\":\"NewsArticle\",\"@id\":\"https:\/\/www.embl.org\/news\/alumni\/inaugural-kafatos-lecture\/#article\",\"isPartOf\":{\"@id\":\"https:\/\/www.embl.org\/news\/alumni\/inaugural-kafatos-lecture\/\"},\"author\":{\"name\":\"Guest author(s)\",\"@id\":\"https:\/\/www.embl.org\/news\/#\/schema\/person\/b4d9366b2ebe691c4015c64c3619205b\"},\"headline\":\"Denis Duboule to deliver inaugural Kafatos Lecture\",\"datePublished\":\"2021-12-16T16:12:04+00:00\",\"dateModified\":\"2024-03-22T14:19:58+00:00\",\"mainEntityOfPage\":{\"@id\":\"https:\/\/www.embl.org\/news\/alumni\/inaugural-kafatos-lecture\/\"},\"wordCount\":379,\"publisher\":{\"@id\":\"https:\/\/www.embl.org\/news\/#organization\"},\"image\":{\"@id\":\"https:\/\/www.embl.org\/news\/alumni\/inaugural-kafatos-lecture\/#primaryimage\"},\"thumbnailUrl\":\"https:\/\/www.embl.org\/news\/wp-content\/uploads\/2021\/12\/Denis_Duboule_in_2010_1000px.png\",\"keywords\":[\"alumni\",\"event\",\"kafatos\",\"public engagement\"],\"articleSection\":[\"Alumni\",\"EMBL Announcements\"],\"inLanguage\":\"en-US\"},{\"@type\":\"WebPage\",\"@id\":\"https:\/\/www.embl.org\/news\/alumni\/inaugural-kafatos-lecture\/\",\"url\":\"https:\/\/www.embl.org\/news\/alumni\/inaugural-kafatos-lecture\/\",\"name\":\"Denis Duboule to deliver inaugural Kafatos Lecture | EMBL\",\"isPartOf\":{\"@id\":\"https:\/\/www.embl.org\/news\/#website\"},\"primaryImageOfPage\":{\"@id\":\"https:\/\/www.embl.org\/news\/alumni\/inaugural-kafatos-lecture\/#primaryimage\"},\"image\":{\"@id\":\"https:\/\/www.embl.org\/news\/alumni\/inaugural-kafatos-lecture\/#primaryimage\"},\"thumbnailUrl\":\"https:\/\/www.embl.org\/news\/wp-content\/uploads\/2021\/12\/Denis_Duboule_in_2010_1000px.png\",\"datePublished\":\"2021-12-16T16:12:04+00:00\",\"dateModified\":\"2024-03-22T14:19:58+00:00\",\"description\":\"EMBL alumnus Denis Duboule has been selected as the speaker for the inaugural Kafatos Lecture to take place in October 2022.\",\"inLanguage\":\"en-US\",\"potentialAction\":[{\"@type\":\"ReadAction\",\"target\":[\"https:\/\/www.embl.org\/news\/alumni\/inaugural-kafatos-lecture\/\"]}]},{\"@type\":\"ImageObject\",\"inLanguage\":\"en-US\",\"@id\":\"https:\/\/www.embl.org\/news\/alumni\/inaugural-kafatos-lecture\/#primaryimage\",\"url\":\"https:\/\/www.embl.org\/news\/wp-content\/uploads\/2021\/12\/Denis_Duboule_in_2010_1000px.png\",\"contentUrl\":\"https:\/\/www.embl.org\/news\/wp-content\/uploads\/2021\/12\/Denis_Duboule_in_2010_1000px.png\",\"width\":1000,\"height\":600,\"caption\":\"EMBL alumnus Denis Duboule has been selected to deliver the inaugural Kafatos Lecture (Credit: Alain Herzog \/ EPFL)\"},{\"@type\":\"WebSite\",\"@id\":\"https:\/\/www.embl.org\/news\/#website\",\"url\":\"https:\/\/www.embl.org\/news\/\",\"name\":\"European Molecular Biology Laboratory News\",\"description\":\"News from the European Molecular Biology Laboratory\",\"publisher\":{\"@id\":\"https:\/\/www.embl.org\/news\/#organization\"},\"alternateName\":\"EMBL News\",\"potentialAction\":[{\"@type\":\"SearchAction\",\"target\":{\"@type\":\"EntryPoint\",\"urlTemplate\":\"https:\/\/www.embl.org\/news\/?s={search_term_string}\"},\"query-input\":{\"@type\":\"PropertyValueSpecification\",\"valueRequired\":true,\"valueName\":\"search_term_string\"}}],\"inLanguage\":\"en-US\"},{\"@type\":\"Organization\",\"@id\":\"https:\/\/www.embl.org\/news\/#organization\",\"name\":\"European Molecular Biology Laboratory\",\"alternateName\":\"EMBL\",\"url\":\"https:\/\/www.embl.org\/news\/\",\"logo\":{\"@type\":\"ImageObject\",\"inLanguage\":\"en-US\",\"@id\":\"https:\/\/www.embl.org\/news\/#\/schema\/logo\/image\/\",\"url\":\"https:\/\/www.embl.org\/news\/wp-content\/uploads\/2025\/09\/EMBL_logo_colour-1-300x144-1.png\",\"contentUrl\":\"https:\/\/www.embl.org\/news\/wp-content\/uploads\/2025\/09\/EMBL_logo_colour-1-300x144-1.png\",\"width\":300,\"height\":144,\"caption\":\"European Molecular Biology Laboratory\"},\"image\":{\"@id\":\"https:\/\/www.embl.org\/news\/#\/schema\/logo\/image\/\"},\"sameAs\":[\"https:\/\/www.facebook.com\/embl.org\/\",\"https:\/\/x.com\/embl\",\"https:\/\/www.instagram.com\/embl_org\/\",\"https:\/\/www.linkedin.com\/company\/15813\/\",\"https:\/\/www.youtube.com\/user\/emblmedia\/\"]},{\"@type\":\"Person\",\"@id\":\"https:\/\/www.embl.org\/news\/#\/schema\/person\/b4d9366b2ebe691c4015c64c3619205b\",\"name\":\"Guest author(s)\",\"image\":{\"@type\":\"ImageObject\",\"inLanguage\":\"en-US\",\"@id\":\"https:\/\/www.embl.org\/news\/#\/schema\/person\/image\/\",\"url\":\"https:\/\/secure.gravatar.com\/avatar\/300b9a1d66050ae03eaeb99869c6ebb30f5184b9468e92a2b3e7d28bc9cf742d?s=96&d=mm&r=g\",\"contentUrl\":\"https:\/\/secure.gravatar.com\/avatar\/300b9a1d66050ae03eaeb99869c6ebb30f5184b9468e92a2b3e7d28bc9cf742d?s=96&d=mm&r=g\",\"caption\":\"Guest author(s)\"},\"description\":\"Guest author(s)\",\"url\":\"https:\/\/www.embl.org\/news\/author\/guest-author\/\"}]}<\/script>\n<!-- \/ Yoast SEO plugin. -->","yoast_head_json":{"title":"Denis Duboule to deliver inaugural Kafatos Lecture | EMBL","description":"EMBL alumnus Denis Duboule has been selected as the speaker for the inaugural Kafatos Lecture to take place in October 2022.","robots":{"index":"index","follow":"follow","max-snippet":"max-snippet:-1","max-image-preview":"max-image-preview:large","max-video-preview":"max-video-preview:-1"},"canonical":"https:\/\/www.embl.org\/news\/alumni\/inaugural-kafatos-lecture\/","og_locale":"en_US","og_type":"article","og_title":"Denis Duboule to deliver inaugural Kafatos Lecture | EMBL","og_description":"EMBL alumnus Denis Duboule has been selected as the speaker for the inaugural Kafatos Lecture to take place in October 2022.","og_url":"https:\/\/www.embl.org\/news\/alumni\/inaugural-kafatos-lecture\/","og_site_name":"EMBL","article_publisher":"https:\/\/www.facebook.com\/embl.org\/","article_published_time":"2021-12-16T16:12:04+00:00","article_modified_time":"2024-03-22T14:19:58+00:00","og_image":[{"width":1000,"height":600,"url":"https:\/\/www.embl.org\/news\/wp-content\/uploads\/2021\/12\/Denis_Duboule_in_2010_1000px.png","type":"image\/png"}],"author":"Guest author(s)","twitter_card":"summary_large_image","twitter_creator":"@embl","twitter_site":"@embl","twitter_misc":{"Written by":"Guest author(s)","Est. reading time":"2 minutes"},"schema":{"@context":"https:\/\/schema.org","@graph":[{"@type":"NewsArticle","@id":"https:\/\/www.embl.org\/news\/alumni\/inaugural-kafatos-lecture\/#article","isPartOf":{"@id":"https:\/\/www.embl.org\/news\/alumni\/inaugural-kafatos-lecture\/"},"author":{"name":"Guest author(s)","@id":"https:\/\/www.embl.org\/news\/#\/schema\/person\/b4d9366b2ebe691c4015c64c3619205b"},"headline":"Denis Duboule to deliver inaugural Kafatos Lecture","datePublished":"2021-12-16T16:12:04+00:00","dateModified":"2024-03-22T14:19:58+00:00","mainEntityOfPage":{"@id":"https:\/\/www.embl.org\/news\/alumni\/inaugural-kafatos-lecture\/"},"wordCount":379,"publisher":{"@id":"https:\/\/www.embl.org\/news\/#organization"},"image":{"@id":"https:\/\/www.embl.org\/news\/alumni\/inaugural-kafatos-lecture\/#primaryimage"},"thumbnailUrl":"https:\/\/www.embl.org\/news\/wp-content\/uploads\/2021\/12\/Denis_Duboule_in_2010_1000px.png","keywords":["alumni","event","kafatos","public engagement"],"articleSection":["Alumni","EMBL Announcements"],"inLanguage":"en-US"},{"@type":"WebPage","@id":"https:\/\/www.embl.org\/news\/alumni\/inaugural-kafatos-lecture\/","url":"https:\/\/www.embl.org\/news\/alumni\/inaugural-kafatos-lecture\/","name":"Denis Duboule to deliver inaugural Kafatos Lecture | EMBL","isPartOf":{"@id":"https:\/\/www.embl.org\/news\/#website"},"primaryImageOfPage":{"@id":"https:\/\/www.embl.org\/news\/alumni\/inaugural-kafatos-lecture\/#primaryimage"},"image":{"@id":"https:\/\/www.embl.org\/news\/alumni\/inaugural-kafatos-lecture\/#primaryimage"},"thumbnailUrl":"https:\/\/www.embl.org\/news\/wp-content\/uploads\/2021\/12\/Denis_Duboule_in_2010_1000px.png","datePublished":"2021-12-16T16:12:04+00:00","dateModified":"2024-03-22T14:19:58+00:00","description":"EMBL alumnus Denis Duboule has been selected as the speaker for the inaugural Kafatos Lecture to take place in October 2022.","inLanguage":"en-US","potentialAction":[{"@type":"ReadAction","target":["https:\/\/www.embl.org\/news\/alumni\/inaugural-kafatos-lecture\/"]}]},{"@type":"ImageObject","inLanguage":"en-US","@id":"https:\/\/www.embl.org\/news\/alumni\/inaugural-kafatos-lecture\/#primaryimage","url":"https:\/\/www.embl.org\/news\/wp-content\/uploads\/2021\/12\/Denis_Duboule_in_2010_1000px.png","contentUrl":"https:\/\/www.embl.org\/news\/wp-content\/uploads\/2021\/12\/Denis_Duboule_in_2010_1000px.png","width":1000,"height":600,"caption":"EMBL alumnus Denis Duboule has been selected to deliver the inaugural Kafatos Lecture (Credit: Alain Herzog \/ EPFL)"},{"@type":"WebSite","@id":"https:\/\/www.embl.org\/news\/#website","url":"https:\/\/www.embl.org\/news\/","name":"European Molecular Biology Laboratory News","description":"News from the European Molecular Biology Laboratory","publisher":{"@id":"https:\/\/www.embl.org\/news\/#organization"},"alternateName":"EMBL News","potentialAction":[{"@type":"SearchAction","target":{"@type":"EntryPoint","urlTemplate":"https:\/\/www.embl.org\/news\/?s={search_term_string}"},"query-input":{"@type":"PropertyValueSpecification","valueRequired":true,"valueName":"search_term_string"}}],"inLanguage":"en-US"},{"@type":"Organization","@id":"https:\/\/www.embl.org\/news\/#organization","name":"European Molecular Biology Laboratory","alternateName":"EMBL","url":"https:\/\/www.embl.org\/news\/","logo":{"@type":"ImageObject","inLanguage":"en-US","@id":"https:\/\/www.embl.org\/news\/#\/schema\/logo\/image\/","url":"https:\/\/www.embl.org\/news\/wp-content\/uploads\/2025\/09\/EMBL_logo_colour-1-300x144-1.png","contentUrl":"https:\/\/www.embl.org\/news\/wp-content\/uploads\/2025\/09\/EMBL_logo_colour-1-300x144-1.png","width":300,"height":144,"caption":"European Molecular Biology Laboratory"},"image":{"@id":"https:\/\/www.embl.org\/news\/#\/schema\/logo\/image\/"},"sameAs":["https:\/\/www.facebook.com\/embl.org\/","https:\/\/x.com\/embl","https:\/\/www.instagram.com\/embl_org\/","https:\/\/www.linkedin.com\/company\/15813\/","https:\/\/www.youtube.com\/user\/emblmedia\/"]},{"@type":"Person","@id":"https:\/\/www.embl.org\/news\/#\/schema\/person\/b4d9366b2ebe691c4015c64c3619205b","name":"Guest author(s)","image":{"@type":"ImageObject","inLanguage":"en-US","@id":"https:\/\/www.embl.org\/news\/#\/schema\/person\/image\/","url":"https:\/\/secure.gravatar.com\/avatar\/300b9a1d66050ae03eaeb99869c6ebb30f5184b9468e92a2b3e7d28bc9cf742d?s=96&d=mm&r=g","contentUrl":"https:\/\/secure.gravatar.com\/avatar\/300b9a1d66050ae03eaeb99869c6ebb30f5184b9468e92a2b3e7d28bc9cf742d?s=96&d=mm&r=g","caption":"Guest author(s)"},"description":"Guest author(s)","url":"https:\/\/www.embl.org\/news\/author\/guest-author\/"}]}},"field_target_display":"","field_article_language":{"value":"english","label":"English"},"fimg_url":"https:\/\/www.embl.org\/news\/wp-content\/uploads\/2021\/12\/Denis_Duboule_in_2010_1000px.png","featured_image_src":"https:\/\/www.embl.org\/news\/wp-content\/uploads\/2021\/12\/Denis_Duboule_in_2010_1000px.png","_links":{"self":[{"href":"https:\/\/www.embl.org\/news\/wp-json\/wp\/v2\/posts\/45442","targetHints":{"allow":["GET"]}}],"collection":[{"href":"https:\/\/www.embl.org\/news\/wp-json\/wp\/v2\/posts"}],"about":[{"href":"https:\/\/www.embl.org\/news\/wp-json\/wp\/v2\/types\/post"}],"author":[{"embeddable":true,"href":"https:\/\/www.embl.org\/news\/wp-json\/wp\/v2\/users\/16"}],"replies":[{"embeddable":true,"href":"https:\/\/www.embl.org\/news\/wp-json\/wp\/v2\/comments?post=45442"}],"version-history":[{"count":9,"href":"https:\/\/www.embl.org\/news\/wp-json\/wp\/v2\/posts\/45442\/revisions"}],"predecessor-version":[{"id":51588,"href":"https:\/\/www.embl.org\/news\/wp-json\/wp\/v2\/posts\/45442\/revisions\/51588"}],"wp:featuredmedia":[{"embeddable":true,"href":"https:\/\/www.embl.org\/news\/wp-json\/wp\/v2\/media\/45460"}],"wp:attachment":[{"href":"https:\/\/www.embl.org\/news\/wp-json\/wp\/v2\/media?parent=45442"}],"wp:term":[{"taxonomy":"category","embeddable":true,"href":"https:\/\/www.embl.org\/news\/wp-json\/wp\/v2\/categories?post=45442"},{"taxonomy":"post_tag","embeddable":true,"href":"https:\/\/www.embl.org\/news\/wp-json\/wp\/v2\/tags?post=45442"},{"taxonomy":"embl_taxonomy","embeddable":true,"href":"https:\/\/www.embl.org\/news\/wp-json\/wp\/v2\/embl_taxonomy?post=45442"}],"curies":[{"name":"wp","href":"https:\/\/api.w.org\/{rel}","templated":true}]}}