{"id":38795,"date":"2024-10-30T16:05:25","date_gmt":"2024-10-30T16:05:25","guid":{"rendered":"https:\/\/www.embl.org\/ells\/?p=38795"},"modified":"2024-11-13T09:52:50","modified_gmt":"2024-11-13T09:52:50","slug":"kleines-ganz-gros-am-maus-turoffnertag","status":"publish","type":"post","link":"https:\/\/www.embl.org\/ells\/2024\/10\/30\/kleines-ganz-gros-am-maus-turoffnertag\/","title":{"rendered":"Kleine(s) ganz gro\u00df am Maus-T\u00fcr\u00f6ffnertag"},"content":{"rendered":"\n<p><strong>Von Melanie Meihua Brauny<\/strong><\/p>\n\n\n\n<p>Am 3. Oktober 2024 hie\u00df es am EMBL Heidelberg: <em>T\u00fcren auf mit der Maus<\/em>! Mehr als 30 kleine EntdeckerInnen nutzten den diesj\u00e4hrigen Maus-T\u00fcr\u00f6ffnertag der <em>Sendung mit der Maus<\/em> des WDR, um die Forschung des EMBLs hautnah mitzuerleben und WissenschaftlerInnen ganz pers\u00f6nlich kennenzulernen.<\/p>\n\n\n\n<p class=\"has-link-color wp-elements-9a7fd6a83ffc0e5695a6cd641f46525a vf-u-text-color--grey vf-text--body vf-text-body--4\"><\/p>\n\n\n\n<figure class=\"vf-figure wp-block-image  | vf-figure--align vf-figure--align-inline-start   size-full\"><img loading=\"lazy\" decoding=\"async\" width=\"1000\" height=\"600\" class=\"vf-figure__image\" src=\"https:\/\/www.embl.org\/ells\/wp-content\/uploads\/2024\/10\/IMG_2571_\u00a9Sally-Hall_SEPE_1000x600.png\" alt=\"\" class=\"wp-image-38797\" srcset=\"https:\/\/www.embl.org\/ells\/wp-content\/uploads\/2024\/10\/IMG_2571_\u00a9Sally-Hall_SEPE_1000x600.png 1000w, https:\/\/www.embl.org\/ells\/wp-content\/uploads\/2024\/10\/IMG_2571_\u00a9Sally-Hall_SEPE_1000x600-300x180.png 300w, https:\/\/www.embl.org\/ells\/wp-content\/uploads\/2024\/10\/IMG_2571_\u00a9Sally-Hall_SEPE_1000x600-768x461.png 768w\" sizes=\"auto, (max-width: 1000px) 100vw, 1000px\" \/><figcaption class=\"vf-figure__caption\"><em>Das Basteln des Foldscopes erforderte etwas Fingerspitzengef\u00fchl von den TeilnehmerInnen.<\/em><\/figcaption><\/figure>\n\n\n\n<p>An drei Stationen konnten die BesucherInnen in die Welt der Mikroskopie und Bildgebung eintauchen. Angefangen beim Foldscope, einem faltbaren Mikroskop aus Papier, das auch als Andenken und zum weiter Experimentieren mit nach Hause genommen werden durfte, \u00fcber das <em><a href=\"https:\/\/www.embl.org\/ells\/microscope-in-action\/\" target=\"_blank\" rel=\"noreferrer noopener\">Mikroskop in Aktion<\/a><\/em> &#8211; EMBLs hauseigenes Fluoreszenzlernmikroskop &#8211; bis hin zum hochaufl\u00f6senden Elektronenmikroskop: An allen Stationen durften die TeilnehmerInnen selbst Hand anlegen und aktiv werden.<\/p>\n\n\n\n<figure class=\"vf-figure wp-block-image  | vf-figure--align vf-figure--align-inline-start   size-full is-resized\"><img loading=\"lazy\" decoding=\"async\" width=\"1000\" height=\"600\" class=\"vf-figure__image\" src=\"https:\/\/www.embl.org\/ells\/wp-content\/uploads\/2024\/10\/IMG_2539_\u00a9Vivien-Freihen_SEPE_1000x600_removed.png\" alt=\"\" class=\"wp-image-38819\" style=\"width:752px;height:auto\" srcset=\"https:\/\/www.embl.org\/ells\/wp-content\/uploads\/2024\/10\/IMG_2539_\u00a9Vivien-Freihen_SEPE_1000x600_removed.png 1000w, https:\/\/www.embl.org\/ells\/wp-content\/uploads\/2024\/10\/IMG_2539_\u00a9Vivien-Freihen_SEPE_1000x600_removed-300x180.png 300w, https:\/\/www.embl.org\/ells\/wp-content\/uploads\/2024\/10\/IMG_2539_\u00a9Vivien-Freihen_SEPE_1000x600_removed-768x461.png 768w\" sizes=\"auto, (max-width: 1000px) 100vw, 1000px\" \/><figcaption class=\"vf-figure__caption\"><em>Am Fluoreszenzmikroskop konnten neben den vorbereiteten Proben auch die von den BesucherInnen selbst pr\u00e4parierten Proben von z.B. Zwiebeln oder Gr\u00e4sern bewundert werden.<\/em><\/figcaption><\/figure>\n\n\n\n<p class=\"has-link-color wp-elements-9a7fd6a83ffc0e5695a6cd641f46525a vf-u-text-color--grey vf-text--body vf-text-body--4\"><\/p>\n\n\n\n<p>Dabei wurden unter anderem Fruchtfliegen, Zwiebeln, Haare, Geldm\u00fcnzen und Spinnen von ganz Nahem betrachtet &#8211; letztere sogar mit einer bis zu 250.000-fachen Vergr\u00f6\u00dferung, was auch bei den anwesenden Eltern f\u00fcr gro\u00dfe Augen sorgte. Wir hoffen, dass an diesem Tag viele sch\u00f6ne bleibende Erinnerungen geschaffen wurden!<\/p>\n\n\n\n<figure class=\"vf-figure wp-block-image size-full\"><img loading=\"lazy\" decoding=\"async\" width=\"1000\" height=\"600\" class=\"vf-figure__image\" src=\"https:\/\/www.embl.org\/ells\/wp-content\/uploads\/2024\/10\/IMG_2226_\u00a9Sally-Hall_SEPE_1000x600_removed.png\" alt=\"\" class=\"wp-image-38837\" srcset=\"https:\/\/www.embl.org\/ells\/wp-content\/uploads\/2024\/10\/IMG_2226_\u00a9Sally-Hall_SEPE_1000x600_removed.png 1000w, https:\/\/www.embl.org\/ells\/wp-content\/uploads\/2024\/10\/IMG_2226_\u00a9Sally-Hall_SEPE_1000x600_removed-300x180.png 300w, https:\/\/www.embl.org\/ells\/wp-content\/uploads\/2024\/10\/IMG_2226_\u00a9Sally-Hall_SEPE_1000x600_removed-768x461.png 768w\" sizes=\"auto, (max-width: 1000px) 100vw, 1000px\" \/><figcaption class=\"vf-figure__caption\"><em>Nicht erschrecken! Unter fachkundiger Anleitung durften die TeilnehmerInnen selbst am Elektronenmikroskop arbeiten und sich dort neben Insekten auch Spinnen in h\u00f6chster Aufl\u00f6sung anschauen. Was besonders auffiel? Wie behaart viele Insekten sind!<\/em><\/figcaption><\/figure>\n\n\n\n<p class=\"has-link-color wp-elements-9a7fd6a83ffc0e5695a6cd641f46525a vf-u-text-color--grey vf-text--body vf-text-body--4\"><\/p>\n\n\n\n<figure class=\"vf-figure wp-block-image size-full\"><img loading=\"lazy\" decoding=\"async\" width=\"1000\" height=\"600\" class=\"vf-figure__image\" src=\"https:\/\/www.embl.org\/ells\/wp-content\/uploads\/2024\/10\/IMG_2551_\u00a9Vivien-Freihen_SEPE_1000x600.png\" alt=\"\" class=\"wp-image-38897\" srcset=\"https:\/\/www.embl.org\/ells\/wp-content\/uploads\/2024\/10\/IMG_2551_\u00a9Vivien-Freihen_SEPE_1000x600.png 1000w, https:\/\/www.embl.org\/ells\/wp-content\/uploads\/2024\/10\/IMG_2551_\u00a9Vivien-Freihen_SEPE_1000x600-300x180.png 300w, https:\/\/www.embl.org\/ells\/wp-content\/uploads\/2024\/10\/IMG_2551_\u00a9Vivien-Freihen_SEPE_1000x600-768x461.png 768w\" sizes=\"auto, (max-width: 1000px) 100vw, 1000px\" \/><figcaption class=\"vf-figure__caption\"><em>W\u00e4hrend die kleinen BesucherInnen an den einzelnen Stationen besch\u00e4ftigt waren, erkundeten viele Eltern die EMBL-Dauerausstellung <\/em><a href=\"https:\/\/www.embl.org\/about\/welt-der-molekularbiologie\/\" target=\"_blank\" rel=\"noreferrer noopener\">Die Welt der Molekularbiologie<\/a><em>.<\/em><\/figcaption><\/figure>\n\n\n\n<p><\/p>\n","protected":false},"excerpt":{"rendered":"<p>Von Melanie Meihua Brauny Am 3. Oktober 2024 hie\u00df es am EMBL Heidelberg: T\u00fcren auf mit der Maus! Mehr als 30 kleine EntdeckerInnen nutzten den diesj\u00e4hrigen Maus-T\u00fcr\u00f6ffnertag der Sendung mit der Maus des WDR, um die Forschung des EMBLs hautnah mitzuerleben und WissenschaftlerInnen ganz&hellip;<\/p>\n","protected":false},"author":7,"featured_media":38855,"comment_status":"closed","ping_status":"","sticky":false,"template":"","format":"standard","meta":{"_acf_changed":false,"footnotes":""},"categories":[1],"tags":[],"embl_taxonomy":[],"class_list":["post-38795","post","type-post","status-publish","format-standard","has-post-thumbnail","hentry","category-uncategorized"],"acf":[],"embl_taxonomy_terms":[],"featured_image_src":"https:\/\/www.embl.org\/ells\/wp-content\/uploads\/2024\/10\/image0_\u00a9Sally-Hall_SEPE_1000x600.png","_links":{"self":[{"href":"https:\/\/www.embl.org\/ells\/wp-json\/wp\/v2\/posts\/38795","targetHints":{"allow":["GET"]}}],"collection":[{"href":"https:\/\/www.embl.org\/ells\/wp-json\/wp\/v2\/posts"}],"about":[{"href":"https:\/\/www.embl.org\/ells\/wp-json\/wp\/v2\/types\/post"}],"author":[{"embeddable":true,"href":"https:\/\/www.embl.org\/ells\/wp-json\/wp\/v2\/users\/7"}],"replies":[{"embeddable":true,"href":"https:\/\/www.embl.org\/ells\/wp-json\/wp\/v2\/comments?post=38795"}],"version-history":[{"count":17,"href":"https:\/\/www.embl.org\/ells\/wp-json\/wp\/v2\/posts\/38795\/revisions"}],"predecessor-version":[{"id":38919,"href":"https:\/\/www.embl.org\/ells\/wp-json\/wp\/v2\/posts\/38795\/revisions\/38919"}],"wp:featuredmedia":[{"embeddable":true,"href":"https:\/\/www.embl.org\/ells\/wp-json\/wp\/v2\/media\/38855"}],"wp:attachment":[{"href":"https:\/\/www.embl.org\/ells\/wp-json\/wp\/v2\/media?parent=38795"}],"wp:term":[{"taxonomy":"category","embeddable":true,"href":"https:\/\/www.embl.org\/ells\/wp-json\/wp\/v2\/categories?post=38795"},{"taxonomy":"post_tag","embeddable":true,"href":"https:\/\/www.embl.org\/ells\/wp-json\/wp\/v2\/tags?post=38795"},{"taxonomy":"embl_taxonomy","embeddable":true,"href":"https:\/\/www.embl.org\/ells\/wp-json\/wp\/v2\/embl_taxonomy?post=38795"}],"curies":[{"name":"wp","href":"https:\/\/api.w.org\/{rel}","templated":true}]}}